{"id":3764,"date":"2025-02-03T12:32:10","date_gmt":"2025-02-03T11:32:10","guid":{"rendered":"https:\/\/agora.xtec.cat\/escguillemisarn\/?p=3764"},"modified":"2025-02-04T13:53:51","modified_gmt":"2025-02-04T12:53:51","slug":"la-prehistoria","status":"publish","type":"post","link":"https:\/\/agora.xtec.cat\/escguillemisarn\/general\/la-prehistoria\/","title":{"rendered":"LA PREHIST\u00d2RIA"},"content":{"rendered":"<p>&nbsp;<\/p>\n<p><a href=\"https:\/\/agora.xtec.cat\/escguillemisarn\/wp-content\/uploads\/usu1631\/2025\/02\/20250203_112750-scaled.jpg\"><img loading=\"lazy\" decoding=\"async\" class=\"alignnone size-large wp-image-3765\" src=\"https:\/\/agora.xtec.cat\/escguillemisarn\/wp-content\/uploads\/usu1631\/2025\/02\/20250203_112750-1024x746.jpg\" alt=\"\" width=\"1024\" height=\"746\" srcset=\"https:\/\/agora.xtec.cat\/escguillemisarn\/wp-content\/uploads\/usu1631\/2025\/02\/20250203_112750-1024x746.jpg 1024w, https:\/\/agora.xtec.cat\/escguillemisarn\/wp-content\/uploads\/usu1631\/2025\/02\/20250203_112750-300x219.jpg 300w, https:\/\/agora.xtec.cat\/escguillemisarn\/wp-content\/uploads\/usu1631\/2025\/02\/20250203_112750-768x559.jpg 768w, https:\/\/agora.xtec.cat\/escguillemisarn\/wp-content\/uploads\/usu1631\/2025\/02\/20250203_112750-1536x1119.jpg 1536w, https:\/\/agora.xtec.cat\/escguillemisarn\/wp-content\/uploads\/usu1631\/2025\/02\/20250203_112750-2048x1492.jpg 2048w\" sizes=\"auto, (max-width: 1024px) 100vw, 1024px\" \/><\/a><\/p>\n<p>Els alumnes de 4t hem estat treballant la prehist\u00f2ria a partir de les caixes d\u00b4aprenentatge.<\/p>\n<p>Ha estat tot un repte: primer els grups han hagut d\u00b4acordar els rols de grup cooperatiu (capit\u00e0, secretari, material, portaveu i supervisor). Posteriorment ens hem introdu\u00eft\u00a0 a la caixa d\u00b4aprenentatge amb el fulls d\u00b4instruccions: el qual ens ha portat a 8 instruccions diverses (llegir QR amb la tablet i extreure informaci\u00f3, ordenar les diferents caracter\u00edstiques segons el per\u00edode, il\u00b7lustrar les caracter\u00edstiques amb poblats i finalment crear un eix cronol\u00f2gic de la prehist\u00f2ria).<\/p>\n<p>Aqu\u00ed us deixem un petit recull de\u00a0<a href=\"https:\/\/photos.app.goo.gl\/XtitTHZwhyEFvKjB7\">FOTOS<\/a><\/p>\n","protected":false},"excerpt":{"rendered":"<p>&nbsp;<br \/>\n<a href=\"https:\/\/agora.xtec.cat\/escguillemisarn\/wp-content\/uploads\/usu1631\/2025\/02\/20250203_112750-scaled.jpg\"><\/a><br \/>\nEls alumnes de 4t hem estat treballant la prehist\u00f2ria a partir de les caixes d\u00b4aprenentatge.<br \/>\nHa estat tot un repte: primer els grups han hagut d\u00b4acordar els rols de grup cooperatiu (capit\u00e0, secretari, material, portaveu i supervisor). Posteriorment ens hem introdu\u00eft\u00a0 a la caixa d\u00b4aprenentatge&hellip;  <a href=\"https:\/\/agora.xtec.cat\/escguillemisarn\/general\/la-prehistoria\/\" title=\"Read LA PREHIST\u00d2RIA\">Llegeix m\u00e9s\u00bb<\/a><\/p>\n","protected":false},"author":41,"featured_media":3765,"comment_status":"open","ping_status":"closed","sticky":false,"template":"","format":"standard","meta":{"_bbp_topic_count":0,"_bbp_reply_count":0,"_bbp_total_topic_count":0,"_bbp_total_reply_count":0,"_bbp_voice_count":0,"_bbp_anonymous_reply_count":0,"_bbp_topic_count_hidden":0,"_bbp_reply_count_hidden":0,"_bbp_forum_subforum_count":0,"footnotes":""},"categories":[72,1,4,5],"tags":[],"class_list":["post-3764","post","type-post","status-publish","format-standard","has-post-thumbnail","hentry","category-cm","category-general","category-portada","category-primaria"],"post_mailing_queue_ids":[],"_links":{"self":[{"href":"https:\/\/agora.xtec.cat\/escguillemisarn\/wp-json\/wp\/v2\/posts\/3764","targetHints":{"allow":["GET"]}}],"collection":[{"href":"https:\/\/agora.xtec.cat\/escguillemisarn\/wp-json\/wp\/v2\/posts"}],"about":[{"href":"https:\/\/agora.xtec.cat\/escguillemisarn\/wp-json\/wp\/v2\/types\/post"}],"author":[{"embeddable":true,"href":"https:\/\/agora.xtec.cat\/escguillemisarn\/wp-json\/wp\/v2\/users\/41"}],"replies":[{"embeddable":true,"href":"https:\/\/agora.xtec.cat\/escguillemisarn\/wp-json\/wp\/v2\/comments?post=3764"}],"version-history":[{"count":3,"href":"https:\/\/agora.xtec.cat\/escguillemisarn\/wp-json\/wp\/v2\/posts\/3764\/revisions"}],"predecessor-version":[{"id":3768,"href":"https:\/\/agora.xtec.cat\/escguillemisarn\/wp-json\/wp\/v2\/posts\/3764\/revisions\/3768"}],"wp:featuredmedia":[{"embeddable":true,"href":"https:\/\/agora.xtec.cat\/escguillemisarn\/wp-json\/wp\/v2\/media\/3765"}],"wp:attachment":[{"href":"https:\/\/agora.xtec.cat\/escguillemisarn\/wp-json\/wp\/v2\/media?parent=3764"}],"wp:term":[{"taxonomy":"category","embeddable":true,"href":"https:\/\/agora.xtec.cat\/escguillemisarn\/wp-json\/wp\/v2\/categories?post=3764"},{"taxonomy":"post_tag","embeddable":true,"href":"https:\/\/agora.xtec.cat\/escguillemisarn\/wp-json\/wp\/v2\/tags?post=3764"}],"curies":[{"name":"wp","href":"https:\/\/api.w.org\/{rel}","templated":true}]}}