{"id":3708,"date":"2024-12-20T16:33:05","date_gmt":"2024-12-20T15:33:05","guid":{"rendered":"https:\/\/agora.xtec.cat\/escguillemisarn\/?p=3708"},"modified":"2025-01-10T09:02:39","modified_gmt":"2025-01-10T08:02:39","slug":"festival-de-nadal-2024","status":"publish","type":"post","link":"https:\/\/agora.xtec.cat\/escguillemisarn\/general\/festival-de-nadal-2024\/","title":{"rendered":"FESTIVAL DE NADAL 2024"},"content":{"rendered":"<p style=\"text-align: left;\"><a href=\"https:\/\/agora.xtec.cat\/escguillemisarn\/wp-content\/uploads\/usu1631\/2024\/12\/Bones-Festes-ESC-Guillem-Isarn.jpg\"><img loading=\"lazy\" decoding=\"async\" class=\" wp-image-3709 alignleft\" src=\"https:\/\/agora.xtec.cat\/escguillemisarn\/wp-content\/uploads\/usu1631\/2024\/12\/Bones-Festes-ESC-Guillem-Isarn-1024x726.jpg\" alt=\"\" width=\"509\" height=\"361\" srcset=\"https:\/\/agora.xtec.cat\/escguillemisarn\/wp-content\/uploads\/usu1631\/2024\/12\/Bones-Festes-ESC-Guillem-Isarn-1024x726.jpg 1024w, https:\/\/agora.xtec.cat\/escguillemisarn\/wp-content\/uploads\/usu1631\/2024\/12\/Bones-Festes-ESC-Guillem-Isarn-300x213.jpg 300w, https:\/\/agora.xtec.cat\/escguillemisarn\/wp-content\/uploads\/usu1631\/2024\/12\/Bones-Festes-ESC-Guillem-Isarn-768x545.jpg 768w, https:\/\/agora.xtec.cat\/escguillemisarn\/wp-content\/uploads\/usu1631\/2024\/12\/Bones-Festes-ESC-Guillem-Isarn-1536x1090.jpg 1536w, https:\/\/agora.xtec.cat\/escguillemisarn\/wp-content\/uploads\/usu1631\/2024\/12\/Bones-Festes-ESC-Guillem-Isarn.jpg 1748w\" sizes=\"auto, (max-width: 509px) 100vw, 509px\" \/><\/a>Amb molta il\u00b7lusi\u00f3 ha arribat el gran dia del Festival de Nadal. Tots els nens i nenes de l&#8217;escola han preparat amb entusiasme els balls i les can\u00e7ons que avui us hem mostrat per celebrar aquestes festes que arriben amb m\u00e0gia, fred i temps per a la fam\u00edlia.<\/p>\n<p>Volem donar les gr\u00e0cies a tots els assistents al festival, aix\u00ed com les persones del municipi que s&#8217;han atansat a mirar-lo i sobretot als avis i les \u00e0vies de la Resid\u00e8ncia que han vingut a veure&#8217;l.<\/p>\n<p>Aqu\u00ed us deixem l&#8217;enlla\u00e7 on podreu veure alguns fotografies que hem fet de les diferents actuacions.<\/p>\n<p>Felicitats als protagonistes perqu\u00e8 ho han fet molt b\u00e9 i BONES FESTES! Ens retrobem el dimecres dia 8 de gener del 2025.<\/p>\n<p><a href=\"https:\/\/photos.app.goo.gl\/UUkECxmY6wwNsSdb7\">https:\/\/photos.app.goo.gl\/UUkECxmY6wwNsSdb7<\/a><\/p>\n","protected":false},"excerpt":{"rendered":"<p><a href=\"https:\/\/agora.xtec.cat\/escguillemisarn\/wp-content\/uploads\/usu1631\/2024\/12\/Bones-Festes-ESC-Guillem-Isarn.jpg\"><\/a>Amb molta il\u00b7lusi\u00f3 ha arribat el gran dia del Festival de Nadal. Tots els nens i nenes de l&#8217;escola han preparat amb entusiasme els balls i les can\u00e7ons que avui us hem mostrat per celebrar aquestes festes que arriben amb m\u00e0gia, fred i temps&hellip;  <a href=\"https:\/\/agora.xtec.cat\/escguillemisarn\/general\/festival-de-nadal-2024\/\" title=\"Read FESTIVAL DE NADAL 2024\">Llegeix m\u00e9s\u00bb<\/a><\/p>\n","protected":false},"author":1,"featured_media":0,"comment_status":"open","ping_status":"closed","sticky":false,"template":"","format":"standard","meta":{"_bbp_topic_count":0,"_bbp_reply_count":0,"_bbp_total_topic_count":0,"_bbp_total_reply_count":0,"_bbp_voice_count":0,"_bbp_anonymous_reply_count":0,"_bbp_topic_count_hidden":0,"_bbp_reply_count_hidden":0,"_bbp_forum_subforum_count":0,"footnotes":""},"categories":[1],"tags":[],"class_list":["post-3708","post","type-post","status-publish","format-standard","hentry","category-general"],"post_mailing_queue_ids":[],"_links":{"self":[{"href":"https:\/\/agora.xtec.cat\/escguillemisarn\/wp-json\/wp\/v2\/posts\/3708","targetHints":{"allow":["GET"]}}],"collection":[{"href":"https:\/\/agora.xtec.cat\/escguillemisarn\/wp-json\/wp\/v2\/posts"}],"about":[{"href":"https:\/\/agora.xtec.cat\/escguillemisarn\/wp-json\/wp\/v2\/types\/post"}],"author":[{"embeddable":true,"href":"https:\/\/agora.xtec.cat\/escguillemisarn\/wp-json\/wp\/v2\/users\/1"}],"replies":[{"embeddable":true,"href":"https:\/\/agora.xtec.cat\/escguillemisarn\/wp-json\/wp\/v2\/comments?post=3708"}],"version-history":[{"count":2,"href":"https:\/\/agora.xtec.cat\/escguillemisarn\/wp-json\/wp\/v2\/posts\/3708\/revisions"}],"predecessor-version":[{"id":3732,"href":"https:\/\/agora.xtec.cat\/escguillemisarn\/wp-json\/wp\/v2\/posts\/3708\/revisions\/3732"}],"wp:attachment":[{"href":"https:\/\/agora.xtec.cat\/escguillemisarn\/wp-json\/wp\/v2\/media?parent=3708"}],"wp:term":[{"taxonomy":"category","embeddable":true,"href":"https:\/\/agora.xtec.cat\/escguillemisarn\/wp-json\/wp\/v2\/categories?post=3708"},{"taxonomy":"post_tag","embeddable":true,"href":"https:\/\/agora.xtec.cat\/escguillemisarn\/wp-json\/wp\/v2\/tags?post=3708"}],"curies":[{"name":"wp","href":"https:\/\/api.w.org\/{rel}","templated":true}]}}