{"id":3696,"date":"2024-12-12T13:47:04","date_gmt":"2024-12-12T12:47:04","guid":{"rendered":"https:\/\/agora.xtec.cat\/escguillemisarn\/?p=3696"},"modified":"2024-12-12T13:47:04","modified_gmt":"2024-12-12T12:47:04","slug":"el-nom-de-les-nostres-classes","status":"publish","type":"post","link":"https:\/\/agora.xtec.cat\/escguillemisarn\/general\/el-nom-de-les-nostres-classes\/","title":{"rendered":"EL NOM DE LES NOSTRES CLASSES!"},"content":{"rendered":"<p>Durant aquest primer trimestre, els nens i nenes d&#8217;Educaci\u00f3 Infantil hem estat treballant el projecte del nom de les nostres classes. Cada curs, en primer lloc, vam dir entre tots uns quants noms i, seguidament, en vam fer votacions. Aix\u00ed doncs els noms m\u00e9s votats van ser aquests: la vaca a I3, el gat a I4 i els r\u00e8ptils a I5. Durant aquest trimestre hem apr\u00e8s moltes coses sobre aquests animals i n&#8217;hem fet moltes activitats. Aqu\u00ed us deixem un recull de fotos. Esperem que us agradin!<\/p>\n<p>Projecte &#8220;La Vaca&#8221; d&#8217;I3 &#8211;<a href=\"https:\/\/photos.app.goo.gl\/9B4Y74KMycKP44Ko8\">https:\/\/photos.app.goo.gl\/9B4Y74KMycKP44Ko8<\/a><\/p>\n<p>Projecte &#8220;Els Gats&#8221; a I4 &#8211;\u00a0<a href=\"https:\/\/photos.app.goo.gl\/aHW32jD5eviFYDS58\">https:\/\/photos.app.goo.gl\/aHW32jD5eviFYDS58<\/a><\/p>\n<p>Projecte &#8220;Els r\u00e8ptils&#8221; a I5 &#8211;\u00a0<a href=\"https:\/\/photos.app.goo.gl\/7o3obGwWKuTjVdfCA\">https:\/\/photos.app.goo.gl\/7o3obGwWKuTjVdfCA<\/a><\/p>\n<p><a href=\"https:\/\/agora.xtec.cat\/escguillemisarn\/wp-content\/uploads\/usu1631\/2024\/12\/photo_2024-12-12_13-37-40.jpg\">\u00a0 <\/a><a href=\"https:\/\/agora.xtec.cat\/escguillemisarn\/wp-content\/uploads\/usu1631\/2024\/12\/photo_2024-12-12_13-37-27.jpg\">\u00a0 \u00a0<\/a><a href=\"https:\/\/agora.xtec.cat\/escguillemisarn\/wp-content\/uploads\/usu1631\/2024\/12\/photo_2024-12-12_13-37-26.jpg\">\u00a0 \u00a0 \u00a0<\/a><a href=\"https:\/\/agora.xtec.cat\/escguillemisarn\/wp-content\/uploads\/usu1631\/2024\/12\/photo_2024-12-12_13-37-40.jpg\"><img loading=\"lazy\" decoding=\"async\" class=\"wp-image-3699 alignleft\" src=\"https:\/\/agora.xtec.cat\/escguillemisarn\/wp-content\/uploads\/usu1631\/2024\/12\/photo_2024-12-12_13-37-40-578x1024.jpg\" alt=\"\" width=\"148\" height=\"262\" srcset=\"https:\/\/agora.xtec.cat\/escguillemisarn\/wp-content\/uploads\/usu1631\/2024\/12\/photo_2024-12-12_13-37-40-578x1024.jpg 578w, https:\/\/agora.xtec.cat\/escguillemisarn\/wp-content\/uploads\/usu1631\/2024\/12\/photo_2024-12-12_13-37-40-169x300.jpg 169w, https:\/\/agora.xtec.cat\/escguillemisarn\/wp-content\/uploads\/usu1631\/2024\/12\/photo_2024-12-12_13-37-40.jpg 722w\" sizes=\"auto, (max-width: 148px) 100vw, 148px\" \/><\/a><a style=\"color: #2795b6;\" href=\"https:\/\/agora.xtec.cat\/escguillemisarn\/wp-content\/uploads\/usu1631\/2024\/12\/photo_2024-12-12_13-37-27.jpg\"><img loading=\"lazy\" decoding=\"async\" class=\"alignnone wp-image-3701\" src=\"https:\/\/agora.xtec.cat\/escguillemisarn\/wp-content\/uploads\/usu1631\/2024\/12\/photo_2024-12-12_13-37-27-576x1024.jpg\" alt=\"\" width=\"147\" height=\"261\" srcset=\"https:\/\/agora.xtec.cat\/escguillemisarn\/wp-content\/uploads\/usu1631\/2024\/12\/photo_2024-12-12_13-37-27-576x1024.jpg 576w, https:\/\/agora.xtec.cat\/escguillemisarn\/wp-content\/uploads\/usu1631\/2024\/12\/photo_2024-12-12_13-37-27-169x300.jpg 169w, https:\/\/agora.xtec.cat\/escguillemisarn\/wp-content\/uploads\/usu1631\/2024\/12\/photo_2024-12-12_13-37-27.jpg 720w\" sizes=\"auto, (max-width: 147px) 100vw, 147px\" \/>\u00a0\u00a0\u00a0\u00a0\u00a0\u00a0\u00a0\u00a0\u00a0\u00a0\u00a0 <\/a><a href=\"https:\/\/agora.xtec.cat\/escguillemisarn\/wp-content\/uploads\/usu1631\/2024\/12\/photo_2024-12-12_13-37-26.jpg\"><img loading=\"lazy\" decoding=\"async\" class=\"alignnone wp-image-3700\" src=\"https:\/\/agora.xtec.cat\/escguillemisarn\/wp-content\/uploads\/usu1631\/2024\/12\/photo_2024-12-12_13-37-26-576x1024.jpg\" alt=\"\" width=\"150\" height=\"267\" srcset=\"https:\/\/agora.xtec.cat\/escguillemisarn\/wp-content\/uploads\/usu1631\/2024\/12\/photo_2024-12-12_13-37-26-576x1024.jpg 576w, https:\/\/agora.xtec.cat\/escguillemisarn\/wp-content\/uploads\/usu1631\/2024\/12\/photo_2024-12-12_13-37-26-169x300.jpg 169w, https:\/\/agora.xtec.cat\/escguillemisarn\/wp-content\/uploads\/usu1631\/2024\/12\/photo_2024-12-12_13-37-26.jpg 720w\" sizes=\"auto, (max-width: 150px) 100vw, 150px\" \/><\/a><\/p>\n","protected":false},"excerpt":{"rendered":"<p>Durant aquest primer trimestre, els nens i nenes d&#8217;Educaci\u00f3 Infantil hem estat treballant el projecte del nom de les nostres classes. Cada curs, en primer lloc, vam dir entre tots uns quants noms i, seguidament, en vam fer votacions. Aix\u00ed doncs els noms m\u00e9s votats&hellip;  <a href=\"https:\/\/agora.xtec.cat\/escguillemisarn\/general\/el-nom-de-les-nostres-classes\/\" title=\"Read EL NOM DE LES NOSTRES CLASSES!\">Llegeix m\u00e9s\u00bb<\/a><\/p>\n","protected":false},"author":14,"featured_media":0,"comment_status":"open","ping_status":"closed","sticky":false,"template":"","format":"standard","meta":{"_bbp_topic_count":0,"_bbp_reply_count":0,"_bbp_total_topic_count":0,"_bbp_total_reply_count":0,"_bbp_voice_count":0,"_bbp_anonymous_reply_count":0,"_bbp_topic_count_hidden":0,"_bbp_reply_count_hidden":0,"_bbp_forum_subforum_count":0,"footnotes":""},"categories":[1,2,4],"tags":[],"class_list":["post-3696","post","type-post","status-publish","format-standard","hentry","category-general","category-infantil","category-portada"],"post_mailing_queue_ids":[],"_links":{"self":[{"href":"https:\/\/agora.xtec.cat\/escguillemisarn\/wp-json\/wp\/v2\/posts\/3696","targetHints":{"allow":["GET"]}}],"collection":[{"href":"https:\/\/agora.xtec.cat\/escguillemisarn\/wp-json\/wp\/v2\/posts"}],"about":[{"href":"https:\/\/agora.xtec.cat\/escguillemisarn\/wp-json\/wp\/v2\/types\/post"}],"author":[{"embeddable":true,"href":"https:\/\/agora.xtec.cat\/escguillemisarn\/wp-json\/wp\/v2\/users\/14"}],"replies":[{"embeddable":true,"href":"https:\/\/agora.xtec.cat\/escguillemisarn\/wp-json\/wp\/v2\/comments?post=3696"}],"version-history":[{"count":3,"href":"https:\/\/agora.xtec.cat\/escguillemisarn\/wp-json\/wp\/v2\/posts\/3696\/revisions"}],"predecessor-version":[{"id":3703,"href":"https:\/\/agora.xtec.cat\/escguillemisarn\/wp-json\/wp\/v2\/posts\/3696\/revisions\/3703"}],"wp:attachment":[{"href":"https:\/\/agora.xtec.cat\/escguillemisarn\/wp-json\/wp\/v2\/media?parent=3696"}],"wp:term":[{"taxonomy":"category","embeddable":true,"href":"https:\/\/agora.xtec.cat\/escguillemisarn\/wp-json\/wp\/v2\/categories?post=3696"},{"taxonomy":"post_tag","embeddable":true,"href":"https:\/\/agora.xtec.cat\/escguillemisarn\/wp-json\/wp\/v2\/tags?post=3696"}],"curies":[{"name":"wp","href":"https:\/\/api.w.org\/{rel}","templated":true}]}}