{"id":3693,"date":"2024-12-09T13:06:01","date_gmt":"2024-12-09T12:06:01","guid":{"rendered":"https:\/\/agora.xtec.cat\/escguillemisarn\/?p=3693"},"modified":"2024-12-09T16:05:53","modified_gmt":"2024-12-09T15:05:53","slug":"sos-racisme","status":"publish","type":"post","link":"https:\/\/agora.xtec.cat\/escguillemisarn\/general\/sos-racisme\/","title":{"rendered":"SOS RACISME"},"content":{"rendered":"<p><a href=\"https:\/\/agora.xtec.cat\/escguillemisarn\/wp-content\/uploads\/usu1631\/2024\/12\/20241209_095600.jpg\"><img loading=\"lazy\" decoding=\"async\" class=\"alignnone size-large wp-image-3694\" src=\"https:\/\/agora.xtec.cat\/escguillemisarn\/wp-content\/uploads\/usu1631\/2024\/12\/20241209_095600-1024x986.jpg\" alt=\"\" width=\"1024\" height=\"986\" srcset=\"https:\/\/agora.xtec.cat\/escguillemisarn\/wp-content\/uploads\/usu1631\/2024\/12\/20241209_095600-1024x986.jpg 1024w, https:\/\/agora.xtec.cat\/escguillemisarn\/wp-content\/uploads\/usu1631\/2024\/12\/20241209_095600-300x289.jpg 300w, https:\/\/agora.xtec.cat\/escguillemisarn\/wp-content\/uploads\/usu1631\/2024\/12\/20241209_095600-768x740.jpg 768w, https:\/\/agora.xtec.cat\/escguillemisarn\/wp-content\/uploads\/usu1631\/2024\/12\/20241209_095600.jpg 1380w\" sizes=\"auto, (max-width: 1024px) 100vw, 1024px\" \/><\/a><\/p>\n<p>Avui els alumnes de cicle mitj\u00e0 han efectuat un taller &#8220;SOS RACISME&#8221;.<\/p>\n<p>Han iniciat el taller llegint el conte &#8220;Beb\u00e9 Antirracisme&#8221; el qual els ha fet reflexionar sobre les diferents races i comportaments de les persones. Despr\u00e9s hem fet un taller valorant la import\u00e0ncia de tenir tots les mateixes condicions per poder realitzar les tasques a fer i finalment hem visualitzat un v\u00eddeo amb diversos actors; el qual ha fet que efectu\u00e9ssim una gran reflexi\u00f3 sobre el nostre comportament.<\/p>\n<p>Aqu\u00ed us deixem un petit recull de les\u00a0 \u00a0 \u00a0 \u00a0<a href=\"https:\/\/photos.app.goo.gl\/TaToSxVo51s9WPXu7\">FOTOS<\/a> \u00a0 \u00a0del taller.<\/p>\n<p>&nbsp;<\/p>\n","protected":false},"excerpt":{"rendered":"<p><a href=\"https:\/\/agora.xtec.cat\/escguillemisarn\/wp-content\/uploads\/usu1631\/2024\/12\/20241209_095600.jpg\"><\/a><br \/>\nAvui els alumnes de cicle mitj\u00e0 han efectuat un taller &#8220;SOS RACISME&#8221;.<br \/>\nHan iniciat el taller llegint el conte &#8220;Beb\u00e9 Antirracisme&#8221; el qual els ha fet reflexionar sobre les diferents races i comportaments de les persones. Despr\u00e9s hem fet un taller valorant la import\u00e0ncia de&hellip;  <a href=\"https:\/\/agora.xtec.cat\/escguillemisarn\/general\/sos-racisme\/\" title=\"Read SOS RACISME\">Llegeix m\u00e9s\u00bb<\/a><\/p>\n","protected":false},"author":41,"featured_media":3694,"comment_status":"open","ping_status":"closed","sticky":false,"template":"","format":"standard","meta":{"_bbp_topic_count":0,"_bbp_reply_count":0,"_bbp_total_topic_count":0,"_bbp_total_reply_count":0,"_bbp_voice_count":0,"_bbp_anonymous_reply_count":0,"_bbp_topic_count_hidden":0,"_bbp_reply_count_hidden":0,"_bbp_forum_subforum_count":0,"footnotes":""},"categories":[72,1,4,5],"tags":[],"class_list":["post-3693","post","type-post","status-publish","format-standard","has-post-thumbnail","hentry","category-cm","category-general","category-portada","category-primaria"],"post_mailing_queue_ids":[],"_links":{"self":[{"href":"https:\/\/agora.xtec.cat\/escguillemisarn\/wp-json\/wp\/v2\/posts\/3693","targetHints":{"allow":["GET"]}}],"collection":[{"href":"https:\/\/agora.xtec.cat\/escguillemisarn\/wp-json\/wp\/v2\/posts"}],"about":[{"href":"https:\/\/agora.xtec.cat\/escguillemisarn\/wp-json\/wp\/v2\/types\/post"}],"author":[{"embeddable":true,"href":"https:\/\/agora.xtec.cat\/escguillemisarn\/wp-json\/wp\/v2\/users\/41"}],"replies":[{"embeddable":true,"href":"https:\/\/agora.xtec.cat\/escguillemisarn\/wp-json\/wp\/v2\/comments?post=3693"}],"version-history":[{"count":1,"href":"https:\/\/agora.xtec.cat\/escguillemisarn\/wp-json\/wp\/v2\/posts\/3693\/revisions"}],"predecessor-version":[{"id":3695,"href":"https:\/\/agora.xtec.cat\/escguillemisarn\/wp-json\/wp\/v2\/posts\/3693\/revisions\/3695"}],"wp:featuredmedia":[{"embeddable":true,"href":"https:\/\/agora.xtec.cat\/escguillemisarn\/wp-json\/wp\/v2\/media\/3694"}],"wp:attachment":[{"href":"https:\/\/agora.xtec.cat\/escguillemisarn\/wp-json\/wp\/v2\/media?parent=3693"}],"wp:term":[{"taxonomy":"category","embeddable":true,"href":"https:\/\/agora.xtec.cat\/escguillemisarn\/wp-json\/wp\/v2\/categories?post=3693"},{"taxonomy":"post_tag","embeddable":true,"href":"https:\/\/agora.xtec.cat\/escguillemisarn\/wp-json\/wp\/v2\/tags?post=3693"}],"curies":[{"name":"wp","href":"https:\/\/api.w.org\/{rel}","templated":true}]}}