{"id":3680,"date":"2024-12-03T19:09:13","date_gmt":"2024-12-03T18:09:13","guid":{"rendered":"https:\/\/agora.xtec.cat\/escguillemisarn\/?p=3680"},"modified":"2024-12-03T19:09:13","modified_gmt":"2024-12-03T18:09:13","slug":"taller-de-cuina-a-cicle-mitja","status":"publish","type":"post","link":"https:\/\/agora.xtec.cat\/escguillemisarn\/general\/taller-de-cuina-a-cicle-mitja\/","title":{"rendered":"TALLER DE CUINA A CICLE MITJ\u00c0"},"content":{"rendered":"<p>&nbsp;<\/p>\n<p><a href=\"https:\/\/agora.xtec.cat\/escguillemisarn\/wp-content\/uploads\/usu1631\/2024\/12\/PREMIO_LAUMONT_2024_16.webp\"><img loading=\"lazy\" decoding=\"async\" class=\"alignnone size-large wp-image-3681\" src=\"https:\/\/agora.xtec.cat\/escguillemisarn\/wp-content\/uploads\/usu1631\/2024\/12\/PREMIO_LAUMONT_2024_16-1024x683.webp\" alt=\"\" width=\"1024\" height=\"683\" srcset=\"https:\/\/agora.xtec.cat\/escguillemisarn\/wp-content\/uploads\/usu1631\/2024\/12\/PREMIO_LAUMONT_2024_16-1024x683.webp 1024w, https:\/\/agora.xtec.cat\/escguillemisarn\/wp-content\/uploads\/usu1631\/2024\/12\/PREMIO_LAUMONT_2024_16-300x200.webp 300w, https:\/\/agora.xtec.cat\/escguillemisarn\/wp-content\/uploads\/usu1631\/2024\/12\/PREMIO_LAUMONT_2024_16-768x512.webp 768w, https:\/\/agora.xtec.cat\/escguillemisarn\/wp-content\/uploads\/usu1631\/2024\/12\/PREMIO_LAUMONT_2024_16.webp 1200w\" sizes=\"auto, (max-width: 1024px) 100vw, 1024px\" \/><\/a><\/p>\n<p>Ahir els alumnes de cicle mitj\u00e0 van tenir el goig de realitzar un taller de cuina amb l\u00b4Eduard Llop Paulista, chef del restaurant el Truc d\u00b4Agramunt i guanyador del Premi Laumont a la millor recepta de t\u00f2fona negra de 2024.<\/p>\n<p>L\u00b4Eduard ens va preparar una recepta de &#8220;Textures de Tardor&#8221;\u00a0 i despr\u00e9s vam tenir el gust que ens ensenyes a preparar a nosaltres &#8220;Nems Vietnamites&#8221;. Al finalitzar la tarda vam poder-ho provar tots junts.<\/p>\n<p>Aqu\u00ed us deixem un petit recull de\u00a0 \u00a0 \u00a0<a href=\"https:\/\/photos.app.goo.gl\/wPKJvbVh47RR8RWMA\">FOTOS<\/a><\/p>\n<p>Molt\u00edssimes gr\u00e0cies Eduard, va ser un plaer poder compartir aquesta tarda tan fant\u00e0stica amb tu,<\/p>\n<p>MIL GR\u00c0CIES.<\/p>\n","protected":false},"excerpt":{"rendered":"<p>&nbsp;<br \/>\n<a href=\"https:\/\/agora.xtec.cat\/escguillemisarn\/wp-content\/uploads\/usu1631\/2024\/12\/PREMIO_LAUMONT_2024_16.webp\"><\/a><br \/>\nAhir els alumnes de cicle mitj\u00e0 van tenir el goig de realitzar un taller de cuina amb l\u00b4Eduard Llop Paulista, chef del restaurant el Truc d\u00b4Agramunt i guanyador del Premi Laumont a la millor recepta de t\u00f2fona negra de 2024.<br \/>\nL\u00b4Eduard ens va preparar una&hellip;  <a href=\"https:\/\/agora.xtec.cat\/escguillemisarn\/general\/taller-de-cuina-a-cicle-mitja\/\" title=\"Read TALLER DE CUINA A CICLE MITJ\u00c0\">Llegeix m\u00e9s\u00bb<\/a><\/p>\n","protected":false},"author":41,"featured_media":0,"comment_status":"open","ping_status":"closed","sticky":false,"template":"","format":"standard","meta":{"_bbp_topic_count":0,"_bbp_reply_count":0,"_bbp_total_topic_count":0,"_bbp_total_reply_count":0,"_bbp_voice_count":0,"_bbp_anonymous_reply_count":0,"_bbp_topic_count_hidden":0,"_bbp_reply_count_hidden":0,"_bbp_forum_subforum_count":0,"footnotes":""},"categories":[72,1,4,5],"tags":[],"class_list":["post-3680","post","type-post","status-publish","format-standard","hentry","category-cm","category-general","category-portada","category-primaria"],"post_mailing_queue_ids":[],"_links":{"self":[{"href":"https:\/\/agora.xtec.cat\/escguillemisarn\/wp-json\/wp\/v2\/posts\/3680","targetHints":{"allow":["GET"]}}],"collection":[{"href":"https:\/\/agora.xtec.cat\/escguillemisarn\/wp-json\/wp\/v2\/posts"}],"about":[{"href":"https:\/\/agora.xtec.cat\/escguillemisarn\/wp-json\/wp\/v2\/types\/post"}],"author":[{"embeddable":true,"href":"https:\/\/agora.xtec.cat\/escguillemisarn\/wp-json\/wp\/v2\/users\/41"}],"replies":[{"embeddable":true,"href":"https:\/\/agora.xtec.cat\/escguillemisarn\/wp-json\/wp\/v2\/comments?post=3680"}],"version-history":[{"count":2,"href":"https:\/\/agora.xtec.cat\/escguillemisarn\/wp-json\/wp\/v2\/posts\/3680\/revisions"}],"predecessor-version":[{"id":3683,"href":"https:\/\/agora.xtec.cat\/escguillemisarn\/wp-json\/wp\/v2\/posts\/3680\/revisions\/3683"}],"wp:attachment":[{"href":"https:\/\/agora.xtec.cat\/escguillemisarn\/wp-json\/wp\/v2\/media?parent=3680"}],"wp:term":[{"taxonomy":"category","embeddable":true,"href":"https:\/\/agora.xtec.cat\/escguillemisarn\/wp-json\/wp\/v2\/categories?post=3680"},{"taxonomy":"post_tag","embeddable":true,"href":"https:\/\/agora.xtec.cat\/escguillemisarn\/wp-json\/wp\/v2\/tags?post=3680"}],"curies":[{"name":"wp","href":"https:\/\/api.w.org\/{rel}","templated":true}]}}