{"id":3670,"date":"2024-11-28T13:41:10","date_gmt":"2024-11-28T12:41:10","guid":{"rendered":"https:\/\/agora.xtec.cat\/escguillemisarn\/?p=3670"},"modified":"2024-11-28T13:41:10","modified_gmt":"2024-11-28T12:41:10","slug":"disseccio-bossa-de-plastic","status":"publish","type":"post","link":"https:\/\/agora.xtec.cat\/escguillemisarn\/general\/disseccio-bossa-de-plastic\/","title":{"rendered":"DISSECCI\u00d3 BOSSA DE PL\u00c0STIC"},"content":{"rendered":"<p><a href=\"https:\/\/agora.xtec.cat\/escguillemisarn\/wp-content\/uploads\/usu1631\/2024\/11\/20241128_101117-scaled.jpg\"><img loading=\"lazy\" decoding=\"async\" class=\"alignnone wp-image-3671\" src=\"https:\/\/agora.xtec.cat\/escguillemisarn\/wp-content\/uploads\/usu1631\/2024\/11\/20241128_101117-396x1024.jpg\" alt=\"\" width=\"135\" height=\"349\" srcset=\"https:\/\/agora.xtec.cat\/escguillemisarn\/wp-content\/uploads\/usu1631\/2024\/11\/20241128_101117-396x1024.jpg 396w, https:\/\/agora.xtec.cat\/escguillemisarn\/wp-content\/uploads\/usu1631\/2024\/11\/20241128_101117-116x300.jpg 116w, https:\/\/agora.xtec.cat\/escguillemisarn\/wp-content\/uploads\/usu1631\/2024\/11\/20241128_101117-768x1988.jpg 768w, https:\/\/agora.xtec.cat\/escguillemisarn\/wp-content\/uploads\/usu1631\/2024\/11\/20241128_101117-593x1536.jpg 593w, https:\/\/agora.xtec.cat\/escguillemisarn\/wp-content\/uploads\/usu1631\/2024\/11\/20241128_101117-791x2048.jpg 791w, https:\/\/agora.xtec.cat\/escguillemisarn\/wp-content\/uploads\/usu1631\/2024\/11\/20241128_101117-scaled.jpg 989w\" sizes=\"auto, (max-width: 135px) 100vw, 135px\" \/><\/a><\/p>\n<p>Avui els alumnes de 4t hem rebut la visita de la Marta que ens ha proposat la dissecci\u00f3 d\u00b4una bossa de pl\u00e0stic. Primerament hem parlat del &#8220;PORTA A PORTA&#8221;, quan ens venen a recollir l\u00b4org\u00e0nic, el rebuig&#8230;despr\u00e9s com hem de reciclar la resta de residus. Seguidament ens ha presentat una bossa de pl\u00e0stic la qual hem pesat amb una b\u00e0scula, aquesta pesava 2.022 g. Despr\u00e9s cada un de nosaltres hem extret el que hi havia dins de la bossa, hem parlat de cada residu que tr\u00e8iem i on el tirar\u00edem. Finalment hem tornat a pesar la bossa i pesava 103 g.; la qual cosa ens ha fet reflexionar que si reciclem reduirem molts residus que fins ara anaven a l\u00b4abocador.<\/p>\n<p>Abans de finalitzar hem pogut preguntar dubtes a la Marta: per qu\u00e8 el contenidor de l\u00b4org\u00e0nic porta xip? On tirem els residus sanitaris i qu\u00e8 s\u00f3n?&#8230;<\/p>\n<p>Aqu\u00ed us deixem un recull de\u00a0 <a href=\"https:\/\/photos.app.goo.gl\/aTJuaW4Y8f6tFkWt9\">FOTOS<\/a>\u00a0 \u00a0 \u00a0on podreu veure tot el proc\u00e9s del taller.<\/p>\n<p>Molts gr\u00e0cies Marta pel taller ha estat molt interessant.<\/p>\n","protected":false},"excerpt":{"rendered":"<p><a href=\"https:\/\/agora.xtec.cat\/escguillemisarn\/wp-content\/uploads\/usu1631\/2024\/11\/20241128_101117-scaled.jpg\"><\/a><br \/>\nAvui els alumnes de 4t hem rebut la visita de la Marta que ens ha proposat la dissecci\u00f3 d\u00b4una bossa de pl\u00e0stic. Primerament hem parlat del &#8220;PORTA A PORTA&#8221;, quan ens venen a recollir l\u00b4org\u00e0nic, el rebuig&#8230;despr\u00e9s com hem de reciclar la resta de&hellip;  <a href=\"https:\/\/agora.xtec.cat\/escguillemisarn\/general\/disseccio-bossa-de-plastic\/\" title=\"Read DISSECCI\u00d3 BOSSA DE PL\u00c0STIC\">Llegeix m\u00e9s\u00bb<\/a><\/p>\n","protected":false},"author":41,"featured_media":3671,"comment_status":"open","ping_status":"closed","sticky":false,"template":"","format":"standard","meta":{"_bbp_topic_count":0,"_bbp_reply_count":0,"_bbp_total_topic_count":0,"_bbp_total_reply_count":0,"_bbp_voice_count":0,"_bbp_anonymous_reply_count":0,"_bbp_topic_count_hidden":0,"_bbp_reply_count_hidden":0,"_bbp_forum_subforum_count":0,"footnotes":""},"categories":[72,1,4,5],"tags":[],"class_list":["post-3670","post","type-post","status-publish","format-standard","has-post-thumbnail","hentry","category-cm","category-general","category-portada","category-primaria"],"post_mailing_queue_ids":[],"_links":{"self":[{"href":"https:\/\/agora.xtec.cat\/escguillemisarn\/wp-json\/wp\/v2\/posts\/3670","targetHints":{"allow":["GET"]}}],"collection":[{"href":"https:\/\/agora.xtec.cat\/escguillemisarn\/wp-json\/wp\/v2\/posts"}],"about":[{"href":"https:\/\/agora.xtec.cat\/escguillemisarn\/wp-json\/wp\/v2\/types\/post"}],"author":[{"embeddable":true,"href":"https:\/\/agora.xtec.cat\/escguillemisarn\/wp-json\/wp\/v2\/users\/41"}],"replies":[{"embeddable":true,"href":"https:\/\/agora.xtec.cat\/escguillemisarn\/wp-json\/wp\/v2\/comments?post=3670"}],"version-history":[{"count":2,"href":"https:\/\/agora.xtec.cat\/escguillemisarn\/wp-json\/wp\/v2\/posts\/3670\/revisions"}],"predecessor-version":[{"id":3673,"href":"https:\/\/agora.xtec.cat\/escguillemisarn\/wp-json\/wp\/v2\/posts\/3670\/revisions\/3673"}],"wp:featuredmedia":[{"embeddable":true,"href":"https:\/\/agora.xtec.cat\/escguillemisarn\/wp-json\/wp\/v2\/media\/3671"}],"wp:attachment":[{"href":"https:\/\/agora.xtec.cat\/escguillemisarn\/wp-json\/wp\/v2\/media?parent=3670"}],"wp:term":[{"taxonomy":"category","embeddable":true,"href":"https:\/\/agora.xtec.cat\/escguillemisarn\/wp-json\/wp\/v2\/categories?post=3670"},{"taxonomy":"post_tag","embeddable":true,"href":"https:\/\/agora.xtec.cat\/escguillemisarn\/wp-json\/wp\/v2\/tags?post=3670"}],"curies":[{"name":"wp","href":"https:\/\/api.w.org\/{rel}","templated":true}]}}