{"id":3669,"date":"2024-11-28T14:59:39","date_gmt":"2024-11-28T13:59:39","guid":{"rendered":"https:\/\/agora.xtec.cat\/escguillemisarn\/?p=3669"},"modified":"2024-11-29T10:35:38","modified_gmt":"2024-11-29T09:35:38","slug":"mercat-solidari-per-la-marato-de-tv3","status":"publish","type":"post","link":"https:\/\/agora.xtec.cat\/escguillemisarn\/general\/mercat-solidari-per-la-marato-de-tv3\/","title":{"rendered":"Mercat solidari per la Marat\u00f3 de TV3"},"content":{"rendered":"<div class=\"flex-1 overflow-hidden\">\n<div class=\"h-full\">\n<div class=\"react-scroll-to-bottom--css-fraqz-79elbk h-full\">\n<div class=\"react-scroll-to-bottom--css-fraqz-1n7m0yu\">\n<div class=\"flex flex-col text-sm md:pb-9\">\n<article class=\"w-full scroll-mb-[var(--thread-trailing-height,150px)] text-token-text-primary focus-visible:outline-2 focus-visible:outline-offset-[-4px]\" dir=\"auto\" data-testid=\"conversation-turn-3\" data-scroll-anchor=\"true\">\n<div class=\"m-auto text-base py-[18px] px-3 md:px-4 w-full md:px-5 lg:px-4 xl:px-5\">\n<div class=\"mx-auto flex flex-1 gap-4 text-base md:gap-5 lg:gap-6 md:max-w-3xl\">\n<div class=\"group\/conversation-turn relative flex w-full min-w-0 flex-col agent-turn\">\n<div class=\"flex-col gap-1 md:gap-3\">\n<div class=\"flex max-w-full flex-col flex-grow\">\n<div class=\"min-h-8 text-message flex w-full flex-col items-end gap-2 whitespace-normal break-words [.text-message+&amp;]:mt-5\" dir=\"auto\" data-message-author-role=\"assistant\" data-message-id=\"2e55093b-cf72-4232-8101-ba4030459e90\" data-message-model-slug=\"gpt-4o-mini\">\n<div class=\"flex w-full flex-col gap-1 empty:hidden first:pt-[3px]\">\n<div class=\"markdown prose w-full break-words dark:prose-invert light\">\n<p style=\"text-align: left;\">Aquest dijous, l&#8217;escola ha organitzat un mercat solidari per recollir fons per a la Marat\u00f3 de TV3, enguany dedicada a la investigaci\u00f3 de les malalties respirat\u00f2ries. L&#8217;activitat ha estat impulsada pels alumnes, i mestres, que han treballat conjuntament per oferir productes fets a m\u00e0, com decoraci\u00f3 per penjar a l&#8217;arbre de Nadal, porta veles, entre altres. I a preus molt assequibles!<\/p>\n<p style=\"text-align: left;\">Els visitants han pogut gaudir d&#8217;una jornada plena d&#8217;ambient festiu i de solidaritat, i una gran varietat d&#8217;objectes que han estat elaborats pels mateixos estudiants.<\/p>\n<p style=\"text-align: left;\">L&#8217;esdeveniment ha tingut una gran resposta per part de la comunitat escolar, que ha demostrat un alt grau de comprom\u00eds amb la causa social. Els fons recollits seran lliurats a la Marat\u00f3 de TV3, contribuint aix\u00ed a la recerca i sensibilitzaci\u00f3 sobre les malalties respirat\u00f2ries, un tema que afecta a moltes persones i fam\u00edlies arreu del pa\u00eds.<\/p>\n<p style=\"text-align: left;\">Amb aquest mercat solidari, l&#8217;escola no nom\u00e9s ha afavorit la implicaci\u00f3 activa dels seus alumnes, sin\u00f3 que tamb\u00e9 ha fomentat valors com la solidaritat, la responsabilitat social i la cooperaci\u00f3 entre tota la comunitat educativa.<\/p>\n<p>Aqu\u00ed teniu les <a href=\"https:\/\/photos.app.goo.gl\/B7WUsvR85qWhUkZZ7\">FOTOS<\/a> de l&#8217;esdeveniment.<\/p>\n<p>Molt\u00edssimes gr\u00e0cies a tots per la col\u00b7laboraci\u00f3!!!<\/p>\n<\/div>\n<\/div>\n<\/div>\n<\/div>\n<div><\/div>\n<div class=\"mt-3 w-full empty:hidden\">\n<div class=\"text-center\"><\/div>\n<\/div>\n<\/div>\n<div class=\"absolute\">\n<div class=\"flex items-center justify-center\"><\/div>\n<\/div>\n<\/div>\n<\/div>\n<\/div>\n<\/article>\n<\/div>\n<\/div>\n<\/div>\n<\/div>\n<\/div>\n<div class=\"md:pt-0 dark:border-white\/20 md:border-transparent md:dark:border-transparent w-full\">\n<div>\n<div class=\"m-auto text-base px-3 md:px-4 w-full md:px-5 lg:px-4 xl:px-5\">\n<div class=\"mx-auto flex flex-1 gap-4 text-base md:gap-5 lg:gap-6 md:max-w-3xl\">\n<div class=\"flex justify-center\"><\/div>\n<form class=\"w-full\" aria-haspopup=\"dialog\" aria-expanded=\"false\" aria-controls=\"radix-:r1e:\" data-state=\"closed\">\n<div class=\"relative flex h-full max-w-full flex-1 flex-col\">\n<div class=\"absolute bottom-full left-0 right-0 z-20\"><\/div>\n<div class=\"relative h-0\">\n<div class=\"absolute bottom-3 space-y-2 z-20\"><\/div>\n<\/div>\n<div class=\"group relative flex w-full items-center\">\n<div id=\"composer-background\" class=\"flex w-full cursor-text flex-col rounded-3xl px-2.5 py-1 transition-colors contain-inline-size bg-[#f4f4f4] dark:bg-token-main-surface-secondary\">\n<div class=\"flex min-h-[44px] items-center px-2\">\n<div class=\"max-w-full flex-1\">\n<div class=\"_prosemirror-parent_15ceg_1 text-token-text-primary max-h-[25dvh] max-h-52 overflow-auto default-browser\">\n<p><textarea class=\"block h-10 w-full resize-none border-0 bg-transparent px-0 py-2 text-token-text-primary placeholder:text-token-text-secondary\" placeholder=\"Missatge ChatGPT\"><\/textarea><script>window.__oai_logHTML?window.__oai_logHTML():window.__oai_SSR_HTML=window.__oai_SSR_HTML||Date.now();requestAnimationFrame((function(){window.__oai_logTTI?window.__oai_logTTI():window.__oai_SSR_TTI=window.__oai_SSR_TTI||Date.now()}))<\/script><\/p>\n<div id=\"prompt-textarea\" class=\"ProseMirror\" contenteditable=\"true\" translate=\"no\"><\/div>\n<\/div>\n<\/div>\n<\/div>\n<\/div>\n<\/div>\n<\/div>\n<\/form>\n<\/div>\n<\/div>\n<\/div>\n<\/div>\n","protected":false},"excerpt":{"rendered":"<p>Aquest dijous, l&#8217;escola ha organitzat un mercat solidari per recollir fons per a la Marat\u00f3 de TV3, enguany dedicada a la investigaci\u00f3 de les malalties respirat\u00f2ries. L&#8217;activitat ha estat impulsada pels alumnes, i mestres, que han treballat conjuntament per oferir productes fets a m\u00e0, com&hellip;  <a href=\"https:\/\/agora.xtec.cat\/escguillemisarn\/general\/mercat-solidari-per-la-marato-de-tv3\/\" title=\"Read Mercat solidari per la Marat\u00f3 de TV3\">Llegeix m\u00e9s\u00bb<\/a><\/p>\n","protected":false},"author":1,"featured_media":3674,"comment_status":"open","ping_status":"closed","sticky":false,"template":"","format":"standard","meta":{"_bbp_topic_count":0,"_bbp_reply_count":0,"_bbp_total_topic_count":0,"_bbp_total_reply_count":0,"_bbp_voice_count":0,"_bbp_anonymous_reply_count":0,"_bbp_topic_count_hidden":0,"_bbp_reply_count_hidden":0,"_bbp_forum_subforum_count":0,"footnotes":""},"categories":[71,72,73,1,2,5],"tags":[],"class_list":["post-3669","post","type-post","status-publish","format-standard","has-post-thumbnail","hentry","category-ci","category-cm","category-cs","category-general","category-infantil","category-primaria"],"post_mailing_queue_ids":[],"_links":{"self":[{"href":"https:\/\/agora.xtec.cat\/escguillemisarn\/wp-json\/wp\/v2\/posts\/3669","targetHints":{"allow":["GET"]}}],"collection":[{"href":"https:\/\/agora.xtec.cat\/escguillemisarn\/wp-json\/wp\/v2\/posts"}],"about":[{"href":"https:\/\/agora.xtec.cat\/escguillemisarn\/wp-json\/wp\/v2\/types\/post"}],"author":[{"embeddable":true,"href":"https:\/\/agora.xtec.cat\/escguillemisarn\/wp-json\/wp\/v2\/users\/1"}],"replies":[{"embeddable":true,"href":"https:\/\/agora.xtec.cat\/escguillemisarn\/wp-json\/wp\/v2\/comments?post=3669"}],"version-history":[{"count":2,"href":"https:\/\/agora.xtec.cat\/escguillemisarn\/wp-json\/wp\/v2\/posts\/3669\/revisions"}],"predecessor-version":[{"id":3676,"href":"https:\/\/agora.xtec.cat\/escguillemisarn\/wp-json\/wp\/v2\/posts\/3669\/revisions\/3676"}],"wp:featuredmedia":[{"embeddable":true,"href":"https:\/\/agora.xtec.cat\/escguillemisarn\/wp-json\/wp\/v2\/media\/3674"}],"wp:attachment":[{"href":"https:\/\/agora.xtec.cat\/escguillemisarn\/wp-json\/wp\/v2\/media?parent=3669"}],"wp:term":[{"taxonomy":"category","embeddable":true,"href":"https:\/\/agora.xtec.cat\/escguillemisarn\/wp-json\/wp\/v2\/categories?post=3669"},{"taxonomy":"post_tag","embeddable":true,"href":"https:\/\/agora.xtec.cat\/escguillemisarn\/wp-json\/wp\/v2\/tags?post=3669"}],"curies":[{"name":"wp","href":"https:\/\/api.w.org\/{rel}","templated":true}]}}