{"id":3658,"date":"2024-11-27T14:11:51","date_gmt":"2024-11-27T13:11:51","guid":{"rendered":"https:\/\/agora.xtec.cat\/escguillemisarn\/?p=3658"},"modified":"2024-11-27T14:11:51","modified_gmt":"2024-11-27T13:11:51","slug":"25-n-dia-internacional-per-leliminacio-de-la-violencia-contra-la-dona","status":"publish","type":"post","link":"https:\/\/agora.xtec.cat\/escguillemisarn\/general\/25-n-dia-internacional-per-leliminacio-de-la-violencia-contra-la-dona\/","title":{"rendered":"25-N DIA INTERNACIONAL PER L&#8217;ELIMINACI\u00d3 DE LA VIOL\u00c8NCIA CONTRA LA DONA."},"content":{"rendered":"<p>L&#8217;escola Guillem Isarn es suma en la lluita contra l&#8217;Eliminaci\u00f3 de la viol\u00e8ncia envers la dona. \u00c9s per aix\u00f2 que dilluns al mat\u00ed tot l&#8217;alumnat de l&#8217;escola va participar en unes activitats pensades per aquest dia. L&#8217;alumnat de sis\u00e8 va llegir un manifest i seguidament vam comen\u00e7ar a construir una obra d&#8217;art commemorativa. Aquest obra est\u00e0 constru\u00efda amb missatges o frases reivindicatives escrites per tot l&#8217;alumnat de l&#8217;escola.<\/p>\n<p>Amb aquest acte ens unim a la lluita contra la viol\u00e8ncia envers les dones.<\/p>\n<p>Volem espais lliures i segurs!<\/p>\n<p>Podeu veure les fotos clicant a l&#8217;enlla\u00e7:<a href=\"https:\/\/agora.xtec.cat\/escguillemisarn\/wp-content\/uploads\/usu1631\/2024\/11\/1732712944117.jpg\"><img loading=\"lazy\" decoding=\"async\" class=\"size-medium wp-image-3666 alignleft\" src=\"https:\/\/agora.xtec.cat\/escguillemisarn\/wp-content\/uploads\/usu1631\/2024\/11\/1732712944117-300x235.jpg\" alt=\"\" width=\"300\" height=\"235\" srcset=\"https:\/\/agora.xtec.cat\/escguillemisarn\/wp-content\/uploads\/usu1631\/2024\/11\/1732712944117-300x235.jpg 300w, https:\/\/agora.xtec.cat\/escguillemisarn\/wp-content\/uploads\/usu1631\/2024\/11\/1732712944117-1024x804.jpg 1024w, https:\/\/agora.xtec.cat\/escguillemisarn\/wp-content\/uploads\/usu1631\/2024\/11\/1732712944117-768x603.jpg 768w, https:\/\/agora.xtec.cat\/escguillemisarn\/wp-content\/uploads\/usu1631\/2024\/11\/1732712944117-1536x1205.jpg 1536w, https:\/\/agora.xtec.cat\/escguillemisarn\/wp-content\/uploads\/usu1631\/2024\/11\/1732712944117-2048x1607.jpg 2048w\" sizes=\"auto, (max-width: 300px) 100vw, 300px\" \/><\/a><\/p>\n<p><a href=\"https:\/\/photos.app.goo.gl\/pv7y7pNoQF4vVEhv6\">https:\/\/photos.app.goo.gl\/pv7y7pNoQF4vVEhv6<\/a><\/p>\n<p>&nbsp;<\/p>\n","protected":false},"excerpt":{"rendered":"<p>L&#8217;escola Guillem Isarn es suma en la lluita contra l&#8217;Eliminaci\u00f3 de la viol\u00e8ncia envers la dona. \u00c9s per aix\u00f2 que dilluns al mat\u00ed tot l&#8217;alumnat de l&#8217;escola va participar en unes activitats pensades per aquest dia. L&#8217;alumnat de sis\u00e8 va llegir un manifest i seguidament&hellip;  <a href=\"https:\/\/agora.xtec.cat\/escguillemisarn\/general\/25-n-dia-internacional-per-leliminacio-de-la-violencia-contra-la-dona\/\" title=\"Read 25-N DIA INTERNACIONAL PER L&#8217;ELIMINACI\u00d3 DE LA VIOL\u00c8NCIA CONTRA LA DONA.\">Llegeix m\u00e9s\u00bb<\/a><\/p>\n","protected":false},"author":1,"featured_media":0,"comment_status":"open","ping_status":"closed","sticky":false,"template":"","format":"standard","meta":{"_bbp_topic_count":0,"_bbp_reply_count":0,"_bbp_total_topic_count":0,"_bbp_total_reply_count":0,"_bbp_voice_count":0,"_bbp_anonymous_reply_count":0,"_bbp_topic_count_hidden":0,"_bbp_reply_count_hidden":0,"_bbp_forum_subforum_count":0,"footnotes":""},"categories":[1,2,4,5],"tags":[],"class_list":["post-3658","post","type-post","status-publish","format-standard","hentry","category-general","category-infantil","category-portada","category-primaria"],"post_mailing_queue_ids":[],"_links":{"self":[{"href":"https:\/\/agora.xtec.cat\/escguillemisarn\/wp-json\/wp\/v2\/posts\/3658","targetHints":{"allow":["GET"]}}],"collection":[{"href":"https:\/\/agora.xtec.cat\/escguillemisarn\/wp-json\/wp\/v2\/posts"}],"about":[{"href":"https:\/\/agora.xtec.cat\/escguillemisarn\/wp-json\/wp\/v2\/types\/post"}],"author":[{"embeddable":true,"href":"https:\/\/agora.xtec.cat\/escguillemisarn\/wp-json\/wp\/v2\/users\/1"}],"replies":[{"embeddable":true,"href":"https:\/\/agora.xtec.cat\/escguillemisarn\/wp-json\/wp\/v2\/comments?post=3658"}],"version-history":[{"count":4,"href":"https:\/\/agora.xtec.cat\/escguillemisarn\/wp-json\/wp\/v2\/posts\/3658\/revisions"}],"predecessor-version":[{"id":3667,"href":"https:\/\/agora.xtec.cat\/escguillemisarn\/wp-json\/wp\/v2\/posts\/3658\/revisions\/3667"}],"wp:attachment":[{"href":"https:\/\/agora.xtec.cat\/escguillemisarn\/wp-json\/wp\/v2\/media?parent=3658"}],"wp:term":[{"taxonomy":"category","embeddable":true,"href":"https:\/\/agora.xtec.cat\/escguillemisarn\/wp-json\/wp\/v2\/categories?post=3658"},{"taxonomy":"post_tag","embeddable":true,"href":"https:\/\/agora.xtec.cat\/escguillemisarn\/wp-json\/wp\/v2\/tags?post=3658"}],"curies":[{"name":"wp","href":"https:\/\/api.w.org\/{rel}","templated":true}]}}