{"id":3652,"date":"2024-11-22T12:02:39","date_gmt":"2024-11-22T11:02:39","guid":{"rendered":"https:\/\/agora.xtec.cat\/escguillemisarn\/?p=3652"},"modified":"2024-11-27T10:36:28","modified_gmt":"2024-11-27T09:36:28","slug":"celebrem-el-primer-santa-cecilia-la-patrona-dels-musics","status":"publish","type":"post","link":"https:\/\/agora.xtec.cat\/escguillemisarn\/general\/celebrem-el-primer-santa-cecilia-la-patrona-dels-musics\/","title":{"rendered":"Celebrem el primer Santa Cec\u00edlia, la patrona dels m\u00fasics!"},"content":{"rendered":"<p>Avui, hem celebrat Santa Cec\u00edlia per primera vegada a l\u2019escola!<\/p>\n<p>Com b\u00e9 sabeu, el <strong>dia 22 de novembre \u00e9s Santa Cec\u00edlia<\/strong>, la patrona dels m\u00fasics i com que la nostra escola est\u00e0 plena de bons m\u00fasics, vam decidir celebrar-ho d\u2019alguna manera.<\/p>\n<p>El que hem fet ha estat omplir de m\u00fasica l\u2019estona del pati. Hem fet un <strong>pati musical,<\/strong> on l\u2019alumnat de Prim\u00e0ria que toca algun instrument musical, ha pogut mostrar a la resta tot all\u00f2 que est\u00e0 aprenent i que sap del seu instrument tot interpretant diferents can\u00e7ons. Tamb\u00e9, s\u2019ha donat l\u2019oportunitat d\u2019actuar a l\u2019alumnat de quart, cinqu\u00e8 i sis\u00e8 que, que, tot i no tocar cap instrument, s\u2019ha organitzat per interpretar alguna can\u00e7\u00f3 cantada. Ho han fet genial!!!<\/p>\n<p>Paral\u00b7lelament, des de l\u2019\u00e0rea de m\u00fasica, tant a l\u2019etapa d\u2019infantil com la de prim\u00e0ria, s\u2019han dut a terme altres activitats relacionades amb aquest dia per donar a con\u00e8ixer qui era Santa Cec\u00edlia i per qu\u00e8 \u00e9s la patrona dels m\u00fasics.<\/p>\n<p>Us deixem el recull de fotografies perqu\u00e8 pugueu veure tot el que hem fet.<\/p>\n<p><a href=\"https:\/\/photos.app.goo.gl\/bQzxn9uryaTybhht6\">https:\/\/photos.app.goo.gl\/bQzxn9uryaTybhht6<\/a><\/p>\n<p>Moltes gr\u00e0cies per la participaci\u00f3 i visca la m\u00fasica!<\/p>\n","protected":false},"excerpt":{"rendered":"<p>Avui, hem celebrat Santa Cec\u00edlia per primera vegada a l\u2019escola!<br \/>\nCom b\u00e9 sabeu, el dia 22 de novembre \u00e9s Santa Cec\u00edlia, la patrona dels m\u00fasics i com que la nostra escola est\u00e0 plena de bons m\u00fasics, vam decidir celebrar-ho d\u2019alguna manera.<br \/>\nEl que hem fet ha estat&hellip;  <a href=\"https:\/\/agora.xtec.cat\/escguillemisarn\/general\/celebrem-el-primer-santa-cecilia-la-patrona-dels-musics\/\" title=\"Read Celebrem el primer Santa Cec\u00edlia, la patrona dels m\u00fasics!\">Llegeix m\u00e9s\u00bb<\/a><\/p>\n","protected":false},"author":36,"featured_media":0,"comment_status":"open","ping_status":"closed","sticky":false,"template":"","format":"standard","meta":{"_bbp_topic_count":0,"_bbp_reply_count":0,"_bbp_total_topic_count":0,"_bbp_total_reply_count":0,"_bbp_voice_count":0,"_bbp_anonymous_reply_count":0,"_bbp_topic_count_hidden":0,"_bbp_reply_count_hidden":0,"_bbp_forum_subforum_count":0,"footnotes":""},"categories":[1],"tags":[],"class_list":["post-3652","post","type-post","status-publish","format-standard","hentry","category-general"],"post_mailing_queue_ids":[],"_links":{"self":[{"href":"https:\/\/agora.xtec.cat\/escguillemisarn\/wp-json\/wp\/v2\/posts\/3652","targetHints":{"allow":["GET"]}}],"collection":[{"href":"https:\/\/agora.xtec.cat\/escguillemisarn\/wp-json\/wp\/v2\/posts"}],"about":[{"href":"https:\/\/agora.xtec.cat\/escguillemisarn\/wp-json\/wp\/v2\/types\/post"}],"author":[{"embeddable":true,"href":"https:\/\/agora.xtec.cat\/escguillemisarn\/wp-json\/wp\/v2\/users\/36"}],"replies":[{"embeddable":true,"href":"https:\/\/agora.xtec.cat\/escguillemisarn\/wp-json\/wp\/v2\/comments?post=3652"}],"version-history":[{"count":2,"href":"https:\/\/agora.xtec.cat\/escguillemisarn\/wp-json\/wp\/v2\/posts\/3652\/revisions"}],"predecessor-version":[{"id":3657,"href":"https:\/\/agora.xtec.cat\/escguillemisarn\/wp-json\/wp\/v2\/posts\/3652\/revisions\/3657"}],"wp:attachment":[{"href":"https:\/\/agora.xtec.cat\/escguillemisarn\/wp-json\/wp\/v2\/media?parent=3652"}],"wp:term":[{"taxonomy":"category","embeddable":true,"href":"https:\/\/agora.xtec.cat\/escguillemisarn\/wp-json\/wp\/v2\/categories?post=3652"},{"taxonomy":"post_tag","embeddable":true,"href":"https:\/\/agora.xtec.cat\/escguillemisarn\/wp-json\/wp\/v2\/tags?post=3652"}],"curies":[{"name":"wp","href":"https:\/\/api.w.org\/{rel}","templated":true}]}}