{"id":3632,"date":"2024-11-08T18:00:57","date_gmt":"2024-11-08T17:00:57","guid":{"rendered":"https:\/\/agora.xtec.cat\/escguillemisarn\/?p=3632"},"modified":"2024-11-08T18:10:33","modified_gmt":"2024-11-08T17:10:33","slug":"sortida-agramunt-i-penelles","status":"publish","type":"post","link":"https:\/\/agora.xtec.cat\/escguillemisarn\/general\/sortida-agramunt-i-penelles\/","title":{"rendered":"SORTIDA AGRAMUNT I PENELLES"},"content":{"rendered":"<p>Avui, els alumnes d&#8217;educaci\u00f3 infantil i cicle inicial han anat d&#8217;excursi\u00f3!!!!!!!!!!!<\/p>\n<p>Han fet una visita als pobles d&#8217;Agramunt i Penelles.<img loading=\"lazy\" decoding=\"async\" class=\"wp-image-3636 alignright\" src=\"https:\/\/agora.xtec.cat\/escguillemisarn\/wp-content\/uploads\/usu1631\/2024\/11\/2327.jpg\" alt=\"\" width=\"358\" height=\"239\" srcset=\"https:\/\/agora.xtec.cat\/escguillemisarn\/wp-content\/uploads\/usu1631\/2024\/11\/2327.jpg 800w, https:\/\/agora.xtec.cat\/escguillemisarn\/wp-content\/uploads\/usu1631\/2024\/11\/2327-300x200.jpg 300w, https:\/\/agora.xtec.cat\/escguillemisarn\/wp-content\/uploads\/usu1631\/2024\/11\/2327-768x513.jpg 768w\" sizes=\"auto, (max-width: 358px) 100vw, 358px\" \/><\/p>\n<p>Al mat\u00ed, els nens i nenes d&#8217;l3, I4 i I5 han fet la visita i el taller al museu Guinovart, on han conegut ben a prop l&#8217;artista Josep Guinovart i han pogut aplicar de primera m\u00e0 les seves t\u00e8cniques en una obra d&#8217;art pr\u00f2pia. Despr\u00e9s, un bon esmorzar per agafar forces i visitar la biblioteca del poble on han triat, remenat i gaudit de llibres i la lectura.<\/p>\n<p>I els alumnes de cicle inicial, han fet una visita a tres llocs secrets del poble: un refugi antiaeri, el pou de gel i un antic dip\u00f2sit d&#8217;aigua. Tots ells, situats sota terra!!! Tota una aventura entrar i gaudir d&#8217;aquests espais, sempre acompanyats d&#8217;en Jaume, el guia local. I en acabar la visita, tamb\u00e9 han anat a experimentar al museu Guinovart.<\/p>\n<p>A migdia, tots junts han agafat l&#8217;autob\u00fas direcci\u00f3 Penelles per dinar i seguir la ruta d&#8217;un mapa per descobrir murals amagats.<\/p>\n<p>Ha estat un dia ple d&#8217;art i\u00a0 descobriments!!!!!!<\/p>\n<p>Aqu\u00ed podreu veure les fotos d&#8217;educaci\u00f3 infantil.<\/p>\n<p><a href=\"https:\/\/photos.app.goo.gl\/3ezCZrhnwjtE5XV5A\">https:\/\/photos.app.goo.gl\/3ezCZrhnwjtE5XV5A<\/a><\/p>\n<p>Aqu\u00ed podreu veure les fotos de cicle inicial.<\/p>\n<p><a href=\"https:\/\/photos.app.goo.gl\/5dxc6yeGw2LTT4h88\">https:\/\/photos.app.goo.gl\/5dxc6yeGw2LTT4h88<\/a><\/p>\n","protected":false},"excerpt":{"rendered":"<p>Avui, els alumnes d&#8217;educaci\u00f3 infantil i cicle inicial han anat d&#8217;excursi\u00f3!!!!!!!!!!!<br \/>\nHan fet una visita als pobles d&#8217;Agramunt i Penelles.<br \/>\nAl mat\u00ed, els nens i nenes d&#8217;l3, I4 i I5 han fet la visita i el taller al museu Guinovart, on han conegut ben a prop l&#8217;artista&hellip;  <a href=\"https:\/\/agora.xtec.cat\/escguillemisarn\/general\/sortida-agramunt-i-penelles\/\" title=\"Read SORTIDA AGRAMUNT I PENELLES\">Llegeix m\u00e9s\u00bb<\/a><\/p>\n","protected":false},"author":13,"featured_media":0,"comment_status":"open","ping_status":"closed","sticky":false,"template":"","format":"standard","meta":{"_bbp_topic_count":0,"_bbp_reply_count":0,"_bbp_total_topic_count":0,"_bbp_total_reply_count":0,"_bbp_voice_count":0,"_bbp_anonymous_reply_count":0,"_bbp_topic_count_hidden":0,"_bbp_reply_count_hidden":0,"_bbp_forum_subforum_count":0,"footnotes":""},"categories":[71,79,1,2,4,5],"tags":[],"class_list":["post-3632","post","type-post","status-publish","format-standard","hentry","category-ci","category-foment-de-la-lectura","category-general","category-infantil","category-portada","category-primaria"],"post_mailing_queue_ids":[],"_links":{"self":[{"href":"https:\/\/agora.xtec.cat\/escguillemisarn\/wp-json\/wp\/v2\/posts\/3632","targetHints":{"allow":["GET"]}}],"collection":[{"href":"https:\/\/agora.xtec.cat\/escguillemisarn\/wp-json\/wp\/v2\/posts"}],"about":[{"href":"https:\/\/agora.xtec.cat\/escguillemisarn\/wp-json\/wp\/v2\/types\/post"}],"author":[{"embeddable":true,"href":"https:\/\/agora.xtec.cat\/escguillemisarn\/wp-json\/wp\/v2\/users\/13"}],"replies":[{"embeddable":true,"href":"https:\/\/agora.xtec.cat\/escguillemisarn\/wp-json\/wp\/v2\/comments?post=3632"}],"version-history":[{"count":4,"href":"https:\/\/agora.xtec.cat\/escguillemisarn\/wp-json\/wp\/v2\/posts\/3632\/revisions"}],"predecessor-version":[{"id":3638,"href":"https:\/\/agora.xtec.cat\/escguillemisarn\/wp-json\/wp\/v2\/posts\/3632\/revisions\/3638"}],"wp:attachment":[{"href":"https:\/\/agora.xtec.cat\/escguillemisarn\/wp-json\/wp\/v2\/media?parent=3632"}],"wp:term":[{"taxonomy":"category","embeddable":true,"href":"https:\/\/agora.xtec.cat\/escguillemisarn\/wp-json\/wp\/v2\/categories?post=3632"},{"taxonomy":"post_tag","embeddable":true,"href":"https:\/\/agora.xtec.cat\/escguillemisarn\/wp-json\/wp\/v2\/tags?post=3632"}],"curies":[{"name":"wp","href":"https:\/\/api.w.org\/{rel}","templated":true}]}}