{"id":3627,"date":"2024-11-06T22:20:56","date_gmt":"2024-11-06T21:20:56","guid":{"rendered":"https:\/\/agora.xtec.cat\/escguillemisarn\/?p=3627"},"modified":"2024-11-06T22:23:26","modified_gmt":"2024-11-06T21:23:26","slug":"comite-ambiental-escola-verda","status":"publish","type":"post","link":"https:\/\/agora.xtec.cat\/escguillemisarn\/general\/comite-ambiental-escola-verda\/","title":{"rendered":"COMIT\u00c8 AMBIENTAL &#8211; ESCOLA VERDA"},"content":{"rendered":"<p>&nbsp;<\/p>\n<p>&nbsp;<\/p>\n<p><img loading=\"lazy\" decoding=\"async\" class=\"attachment-266x266  alignright\" src=\"https:\/\/agora.xtec.cat\/escguillemisarn\/wp-content\/uploads\/usu1631\/2024\/11\/a.png\" sizes=\"auto, (max-width: 266px) 100vw, 266px\" srcset=\"https:\/\/agora.xtec.cat\/escguillemisarn\/wp-content\/uploads\/usu1631\/2024\/11\/a.png 903w, https:\/\/agora.xtec.cat\/escguillemisarn\/wp-content\/uploads\/usu1631\/2024\/11\/a-300x159.png 300w, https:\/\/agora.xtec.cat\/escguillemisarn\/wp-content\/uploads\/usu1631\/2024\/11\/a-768x407.png 768w\" alt=\"\" width=\"222\" height=\"118\" \/><span style=\"font-family: inherit; font-size: 1em;\">Avui 6 de novembre, tots els membres del Comit\u00e8 Ambiental ens hem reunit per tal de posar en com\u00fa totes <\/span><span style=\"font-family: inherit; font-size: 1em;\">les propostes de cada classe de l&#8217;escola. Els delegats verds han explicat la hist\u00f2ria que cada curs s&#8217;havia inventat s<\/span><span style=\"font-family: inherit; font-size: 1em;\">obre el reciclatge. Han sorgit unes idees estupendes i originals. A partir d&#8217;aquestes idees\u00a0 dissenyarem unes activitats &#8220;SORPRESA&#8221; on el reciclatge i la conscienciaci\u00f3 de la cura pel nostre planeta seran els eixos principals.<\/span><\/p>\n<p>Feu clic <a href=\"https:\/\/photos.app.goo.gl\/djoVuEWm2nPBGoDj8\">aqu\u00ed<\/a><\/p>\n","protected":false},"excerpt":{"rendered":"<p>&nbsp;<br \/>\n&nbsp;<br \/>\nAvui 6 de novembre, tots els membres del Comit\u00e8 Ambiental ens hem reunit per tal de posar en com\u00fa totes les propostes de cada classe de l&#8217;escola. Els delegats verds han explicat la hist\u00f2ria que cada curs s&#8217;havia inventat sobre el reciclatge. Han sorgit unes&hellip;  <a href=\"https:\/\/agora.xtec.cat\/escguillemisarn\/general\/comite-ambiental-escola-verda\/\" title=\"Read COMIT\u00c8 AMBIENTAL &#8211; ESCOLA VERDA\">Llegeix m\u00e9s\u00bb<\/a><\/p>\n","protected":false},"author":11,"featured_media":3628,"comment_status":"open","ping_status":"closed","sticky":false,"template":"","format":"standard","meta":{"_bbp_topic_count":0,"_bbp_reply_count":0,"_bbp_total_topic_count":0,"_bbp_total_reply_count":0,"_bbp_voice_count":0,"_bbp_anonymous_reply_count":0,"_bbp_topic_count_hidden":0,"_bbp_reply_count_hidden":0,"_bbp_forum_subforum_count":0,"footnotes":""},"categories":[71,72,73,77,1,5],"tags":[],"class_list":["post-3627","post","type-post","status-publish","format-standard","has-post-thumbnail","hentry","category-ci","category-cm","category-cs","category-escola-verda","category-general","category-primaria"],"post_mailing_queue_ids":[],"_links":{"self":[{"href":"https:\/\/agora.xtec.cat\/escguillemisarn\/wp-json\/wp\/v2\/posts\/3627","targetHints":{"allow":["GET"]}}],"collection":[{"href":"https:\/\/agora.xtec.cat\/escguillemisarn\/wp-json\/wp\/v2\/posts"}],"about":[{"href":"https:\/\/agora.xtec.cat\/escguillemisarn\/wp-json\/wp\/v2\/types\/post"}],"author":[{"embeddable":true,"href":"https:\/\/agora.xtec.cat\/escguillemisarn\/wp-json\/wp\/v2\/users\/11"}],"replies":[{"embeddable":true,"href":"https:\/\/agora.xtec.cat\/escguillemisarn\/wp-json\/wp\/v2\/comments?post=3627"}],"version-history":[{"count":3,"href":"https:\/\/agora.xtec.cat\/escguillemisarn\/wp-json\/wp\/v2\/posts\/3627\/revisions"}],"predecessor-version":[{"id":3631,"href":"https:\/\/agora.xtec.cat\/escguillemisarn\/wp-json\/wp\/v2\/posts\/3627\/revisions\/3631"}],"wp:featuredmedia":[{"embeddable":true,"href":"https:\/\/agora.xtec.cat\/escguillemisarn\/wp-json\/wp\/v2\/media\/3628"}],"wp:attachment":[{"href":"https:\/\/agora.xtec.cat\/escguillemisarn\/wp-json\/wp\/v2\/media?parent=3627"}],"wp:term":[{"taxonomy":"category","embeddable":true,"href":"https:\/\/agora.xtec.cat\/escguillemisarn\/wp-json\/wp\/v2\/categories?post=3627"},{"taxonomy":"post_tag","embeddable":true,"href":"https:\/\/agora.xtec.cat\/escguillemisarn\/wp-json\/wp\/v2\/tags?post=3627"}],"curies":[{"name":"wp","href":"https:\/\/api.w.org\/{rel}","templated":true}]}}