{"id":3624,"date":"2024-11-14T09:38:32","date_gmt":"2024-11-14T08:38:32","guid":{"rendered":"https:\/\/agora.xtec.cat\/escguillemisarn\/?p=3624"},"modified":"2024-11-14T09:38:32","modified_gmt":"2024-11-14T08:38:32","slug":"castanyada-a-cop-descombra","status":"publish","type":"post","link":"https:\/\/agora.xtec.cat\/escguillemisarn\/general\/castanyada-a-cop-descombra\/","title":{"rendered":"Castanyada a cop d&#8217;escombra!"},"content":{"rendered":"<p><a href=\"https:\/\/agora.xtec.cat\/escguillemisarn\/wp-content\/uploads\/usu1631\/2024\/10\/que_es_la_castanyada_y_su_origen_52798_0_600.jpg\"><img loading=\"lazy\" decoding=\"async\" class=\" wp-image-3625 alignleft\" src=\"https:\/\/agora.xtec.cat\/escguillemisarn\/wp-content\/uploads\/usu1631\/2024\/10\/que_es_la_castanyada_y_su_origen_52798_0_600.jpg\" alt=\"\" width=\"444\" height=\"296\" srcset=\"https:\/\/agora.xtec.cat\/escguillemisarn\/wp-content\/uploads\/usu1631\/2024\/10\/que_es_la_castanyada_y_su_origen_52798_0_600.jpg 600w, https:\/\/agora.xtec.cat\/escguillemisarn\/wp-content\/uploads\/usu1631\/2024\/10\/que_es_la_castanyada_y_su_origen_52798_0_600-300x200.jpg 300w\" sizes=\"auto, (max-width: 444px) 100vw, 444px\" \/><\/a>Hem arribat a final d&#8217;octubre i aix\u00f2 \u00e9s sin\u00f2nim de celebrar una tradici\u00f3 molt arrelada al nostre pa\u00eds com \u00e9s la castanyada. Per aquest motiu a la nostra escola s&#8217;ha fet una exposici\u00f3 d&#8217;escombres decorades amb motius de tardor i de castanyada que l&#8217;hem titulat &#8220;Castanyada a cop d&#8217;escombra&#8221;. Avui les fam\u00edlies heu pogut visitar-la i agra\u00efm a tots els alumnes que han volgut deixar volar la seva creativitat i confeccionar una escombra.<\/p>\n<p>Despr\u00e9s de la visita a l&#8217;exposici\u00f3 hem fet balls, danses, recital de poemes i contes on hem pogut gaudir de les ballarugues m\u00e9s boniques dels nostres infants aix\u00ed com de la lectura dels poemes i de l&#8217;explicaci\u00f3 dels contes m\u00e9s divertits.<\/p>\n<p>Ah! I sabeu per qu\u00e8 ha sortit tant b\u00e9&#8230;? Perqu\u00e8 abans ens hav\u00edem menjat les castanyes que ens han cuit membres de l&#8217;AFA a qui agra\u00efm aquesta col\u00b7laboraci\u00f3. Estaven bon\u00edssimes!<\/p>\n<p>Si voleu veure algunes fotografies, aqu\u00ed us les deixem:\u00a0<a href=\"https:\/\/photos.app.goo.gl\/bq4uYnz1J636GYmf8\">https:\/\/photos.app.goo.gl\/bq4uYnz1J636GYmf8<\/a><\/p>\n","protected":false},"excerpt":{"rendered":"<p><a href=\"https:\/\/agora.xtec.cat\/escguillemisarn\/wp-content\/uploads\/usu1631\/2024\/10\/que_es_la_castanyada_y_su_origen_52798_0_600.jpg\"><\/a>Hem arribat a final d&#8217;octubre i aix\u00f2 \u00e9s sin\u00f2nim de celebrar una tradici\u00f3 molt arrelada al nostre pa\u00eds com \u00e9s la castanyada. Per aquest motiu a la nostra escola s&#8217;ha fet una exposici\u00f3 d&#8217;escombres decorades amb motius de tardor i de castanyada que l&#8217;hem&hellip;  <a href=\"https:\/\/agora.xtec.cat\/escguillemisarn\/general\/castanyada-a-cop-descombra\/\" title=\"Read Castanyada a cop d&#8217;escombra!\">Llegeix m\u00e9s\u00bb<\/a><\/p>\n","protected":false},"author":1,"featured_media":0,"comment_status":"open","ping_status":"closed","sticky":false,"template":"","format":"standard","meta":{"_bbp_topic_count":0,"_bbp_reply_count":0,"_bbp_total_topic_count":0,"_bbp_total_reply_count":0,"_bbp_voice_count":0,"_bbp_anonymous_reply_count":0,"_bbp_topic_count_hidden":0,"_bbp_reply_count_hidden":0,"_bbp_forum_subforum_count":0,"footnotes":""},"categories":[71,72,73,1,2,4,5],"tags":[],"class_list":["post-3624","post","type-post","status-publish","format-standard","hentry","category-ci","category-cm","category-cs","category-general","category-infantil","category-portada","category-primaria"],"post_mailing_queue_ids":[],"_links":{"self":[{"href":"https:\/\/agora.xtec.cat\/escguillemisarn\/wp-json\/wp\/v2\/posts\/3624","targetHints":{"allow":["GET"]}}],"collection":[{"href":"https:\/\/agora.xtec.cat\/escguillemisarn\/wp-json\/wp\/v2\/posts"}],"about":[{"href":"https:\/\/agora.xtec.cat\/escguillemisarn\/wp-json\/wp\/v2\/types\/post"}],"author":[{"embeddable":true,"href":"https:\/\/agora.xtec.cat\/escguillemisarn\/wp-json\/wp\/v2\/users\/1"}],"replies":[{"embeddable":true,"href":"https:\/\/agora.xtec.cat\/escguillemisarn\/wp-json\/wp\/v2\/comments?post=3624"}],"version-history":[{"count":1,"href":"https:\/\/agora.xtec.cat\/escguillemisarn\/wp-json\/wp\/v2\/posts\/3624\/revisions"}],"predecessor-version":[{"id":3626,"href":"https:\/\/agora.xtec.cat\/escguillemisarn\/wp-json\/wp\/v2\/posts\/3624\/revisions\/3626"}],"wp:attachment":[{"href":"https:\/\/agora.xtec.cat\/escguillemisarn\/wp-json\/wp\/v2\/media?parent=3624"}],"wp:term":[{"taxonomy":"category","embeddable":true,"href":"https:\/\/agora.xtec.cat\/escguillemisarn\/wp-json\/wp\/v2\/categories?post=3624"},{"taxonomy":"post_tag","embeddable":true,"href":"https:\/\/agora.xtec.cat\/escguillemisarn\/wp-json\/wp\/v2\/tags?post=3624"}],"curies":[{"name":"wp","href":"https:\/\/api.w.org\/{rel}","templated":true}]}}