{"id":3616,"date":"2024-10-30T18:17:29","date_gmt":"2024-10-30T17:17:29","guid":{"rendered":"https:\/\/agora.xtec.cat\/escguillemisarn\/?p=3616"},"modified":"2024-10-30T18:17:29","modified_gmt":"2024-10-30T17:17:29","slug":"fem-panellets-a-infantil","status":"publish","type":"post","link":"https:\/\/agora.xtec.cat\/escguillemisarn\/general\/fem-panellets-a-infantil\/","title":{"rendered":"FEM PANELLETS A INFANTIL."},"content":{"rendered":"<p>Els nens i nenes d&#8217;infantil hem fet panellets amb l&#8217;ajuda de les padrines, el dilluns 28 hem fet la massa\u00a0 i l&#8217;hem deixat reposar per l&#8217;endem\u00e0 dia 29 fer els panellets.Ens ho hem passat molt b\u00e9 aquests dos dies i donem les gr\u00e0cies a les padrines.A sota teniu l&#8217;enlla\u00e7 amb les fotos d&#8217;aquests\u00a0 dies de\u00a0 cuina\u00a0 a l&#8217;escola.<\/p>\n<p><a href=\"https:\/\/photos.app.goo.gl\/ixGEFyoPLAGmSKG59\">https:\/\/photos.app.goo.gl\/ixGEFyoPLAGmSKG59<\/a><\/p>\n<p><a href=\"https:\/\/agora.xtec.cat\/escguillemisarn\/wp-content\/uploads\/usu1631\/2024\/10\/hq720.jpg\"><img loading=\"lazy\" decoding=\"async\" class=\"wp-image-3619 aligncenter\" src=\"https:\/\/agora.xtec.cat\/escguillemisarn\/wp-content\/uploads\/usu1631\/2024\/10\/hq720-150x150.jpg\" alt=\"\" width=\"139\" height=\"139\" \/><\/a><\/p>\n","protected":false},"excerpt":{"rendered":"<p>Els nens i nenes d&#8217;infantil hem fet panellets amb l&#8217;ajuda de les padrines, el dilluns 28 hem fet la massa\u00a0 i l&#8217;hem deixat reposar per l&#8217;endem\u00e0 dia 29 fer els panellets.Ens ho hem passat molt b\u00e9 aquests dos dies i donem les gr\u00e0cies a les&hellip;  <a href=\"https:\/\/agora.xtec.cat\/escguillemisarn\/general\/fem-panellets-a-infantil\/\" title=\"Read FEM PANELLETS A INFANTIL.\">Llegeix m\u00e9s\u00bb<\/a><\/p>\n","protected":false},"author":20,"featured_media":0,"comment_status":"open","ping_status":"closed","sticky":false,"template":"","format":"standard","meta":{"_bbp_topic_count":0,"_bbp_reply_count":0,"_bbp_total_topic_count":0,"_bbp_total_reply_count":0,"_bbp_voice_count":0,"_bbp_anonymous_reply_count":0,"_bbp_topic_count_hidden":0,"_bbp_reply_count_hidden":0,"_bbp_forum_subforum_count":0,"footnotes":""},"categories":[1,2,4],"tags":[],"class_list":["post-3616","post","type-post","status-publish","format-standard","hentry","category-general","category-infantil","category-portada"],"post_mailing_queue_ids":[],"_links":{"self":[{"href":"https:\/\/agora.xtec.cat\/escguillemisarn\/wp-json\/wp\/v2\/posts\/3616","targetHints":{"allow":["GET"]}}],"collection":[{"href":"https:\/\/agora.xtec.cat\/escguillemisarn\/wp-json\/wp\/v2\/posts"}],"about":[{"href":"https:\/\/agora.xtec.cat\/escguillemisarn\/wp-json\/wp\/v2\/types\/post"}],"author":[{"embeddable":true,"href":"https:\/\/agora.xtec.cat\/escguillemisarn\/wp-json\/wp\/v2\/users\/20"}],"replies":[{"embeddable":true,"href":"https:\/\/agora.xtec.cat\/escguillemisarn\/wp-json\/wp\/v2\/comments?post=3616"}],"version-history":[{"count":3,"href":"https:\/\/agora.xtec.cat\/escguillemisarn\/wp-json\/wp\/v2\/posts\/3616\/revisions"}],"predecessor-version":[{"id":3622,"href":"https:\/\/agora.xtec.cat\/escguillemisarn\/wp-json\/wp\/v2\/posts\/3616\/revisions\/3622"}],"wp:attachment":[{"href":"https:\/\/agora.xtec.cat\/escguillemisarn\/wp-json\/wp\/v2\/media?parent=3616"}],"wp:term":[{"taxonomy":"category","embeddable":true,"href":"https:\/\/agora.xtec.cat\/escguillemisarn\/wp-json\/wp\/v2\/categories?post=3616"},{"taxonomy":"post_tag","embeddable":true,"href":"https:\/\/agora.xtec.cat\/escguillemisarn\/wp-json\/wp\/v2\/tags?post=3616"}],"curies":[{"name":"wp","href":"https:\/\/api.w.org\/{rel}","templated":true}]}}