{"id":3605,"date":"2024-10-24T16:33:04","date_gmt":"2024-10-24T14:33:04","guid":{"rendered":"https:\/\/agora.xtec.cat\/escguillemisarn\/?p=3605"},"modified":"2024-10-25T10:34:11","modified_gmt":"2024-10-25T08:34:11","slug":"museu-terra-i-la-cova-de-la-font-major","status":"publish","type":"post","link":"https:\/\/agora.xtec.cat\/escguillemisarn\/general\/museu-terra-i-la-cova-de-la-font-major\/","title":{"rendered":"Museu Terra i la Cova de la Font Major"},"content":{"rendered":"<p>Avui l&#8217;alumnat de CM i CS ha tingut l&#8217;oportunitat de visitar dos punts molt atractius de l&#8217;Espluga de Francol\u00ed: el Museu Terra i la Cova de la Font Major.<\/p>\n<p style=\"text-align: left;\">A la cova han pogut veure com va ser la vida dels primers humans en una de les coves de conglomerat m\u00e9s grans del m\u00f3n, mentre que al Museu s&#8217;han endinsat en etapes m\u00e9s recents de la hist\u00f2ria i han pogut crear un <em>bee wrap<\/em> amb cera d&#8217;abella i un tros de roba de cot\u00f3.<\/p>\n<p>Ha estat una experi\u00e8ncia molt enriquidora i han participat molt!<\/p>\n<p>Vegeu-ho:<\/p>\n<p><a href=\"https:\/\/photos.app.goo.gl\/DwHrbP4QJzNEZKQr9\">https:\/\/photos.app.goo.gl\/DwHrbP4QJzNEZKQr9<\/a><\/p>\n","protected":false},"excerpt":{"rendered":"<p>Avui l&#8217;alumnat de CM i CS ha tingut l&#8217;oportunitat de visitar dos punts molt atractius de l&#8217;Espluga de Francol\u00ed: el Museu Terra i la Cova de la Font Major.<br \/>\nA la cova han pogut veure com va ser la vida dels primers humans en una de&hellip;  <a href=\"https:\/\/agora.xtec.cat\/escguillemisarn\/general\/museu-terra-i-la-cova-de-la-font-major\/\" title=\"Read Museu Terra i la Cova de la Font Major\">Llegeix m\u00e9s\u00bb<\/a><\/p>\n","protected":false},"author":7,"featured_media":3609,"comment_status":"open","ping_status":"closed","sticky":false,"template":"","format":"standard","meta":{"_bbp_topic_count":0,"_bbp_reply_count":0,"_bbp_total_topic_count":0,"_bbp_total_reply_count":0,"_bbp_voice_count":0,"_bbp_anonymous_reply_count":0,"_bbp_topic_count_hidden":0,"_bbp_reply_count_hidden":0,"_bbp_forum_subforum_count":0,"footnotes":""},"categories":[76,72,73,77,1,4,5],"tags":[],"class_list":["post-3605","post","type-post","status-publish","format-standard","has-post-thumbnail","hentry","category-artscrafts","category-cm","category-cs","category-escola-verda","category-general","category-portada","category-primaria"],"post_mailing_queue_ids":[],"_links":{"self":[{"href":"https:\/\/agora.xtec.cat\/escguillemisarn\/wp-json\/wp\/v2\/posts\/3605","targetHints":{"allow":["GET"]}}],"collection":[{"href":"https:\/\/agora.xtec.cat\/escguillemisarn\/wp-json\/wp\/v2\/posts"}],"about":[{"href":"https:\/\/agora.xtec.cat\/escguillemisarn\/wp-json\/wp\/v2\/types\/post"}],"author":[{"embeddable":true,"href":"https:\/\/agora.xtec.cat\/escguillemisarn\/wp-json\/wp\/v2\/users\/7"}],"replies":[{"embeddable":true,"href":"https:\/\/agora.xtec.cat\/escguillemisarn\/wp-json\/wp\/v2\/comments?post=3605"}],"version-history":[{"count":3,"href":"https:\/\/agora.xtec.cat\/escguillemisarn\/wp-json\/wp\/v2\/posts\/3605\/revisions"}],"predecessor-version":[{"id":3611,"href":"https:\/\/agora.xtec.cat\/escguillemisarn\/wp-json\/wp\/v2\/posts\/3605\/revisions\/3611"}],"wp:featuredmedia":[{"embeddable":true,"href":"https:\/\/agora.xtec.cat\/escguillemisarn\/wp-json\/wp\/v2\/media\/3609"}],"wp:attachment":[{"href":"https:\/\/agora.xtec.cat\/escguillemisarn\/wp-json\/wp\/v2\/media?parent=3605"}],"wp:term":[{"taxonomy":"category","embeddable":true,"href":"https:\/\/agora.xtec.cat\/escguillemisarn\/wp-json\/wp\/v2\/categories?post=3605"},{"taxonomy":"post_tag","embeddable":true,"href":"https:\/\/agora.xtec.cat\/escguillemisarn\/wp-json\/wp\/v2\/tags?post=3605"}],"curies":[{"name":"wp","href":"https:\/\/api.w.org\/{rel}","templated":true}]}}