{"id":3595,"date":"2024-10-21T13:24:08","date_gmt":"2024-10-21T11:24:08","guid":{"rendered":"https:\/\/agora.xtec.cat\/escguillemisarn\/?p=3595"},"modified":"2024-10-21T15:41:46","modified_gmt":"2024-10-21T13:41:46","slug":"taller-dalimentacio-ecologica-cicle-mitja","status":"publish","type":"post","link":"https:\/\/agora.xtec.cat\/escguillemisarn\/general\/taller-dalimentacio-ecologica-cicle-mitja\/","title":{"rendered":"Taller d&#8217;alimentaci\u00f3 ecol\u00f2gica &#8211; Cicle Mitj\u00e0"},"content":{"rendered":"<p><img loading=\"lazy\" decoding=\"async\" class=\"alignleft\" src=\"https:\/\/agora.xtec.cat\/escguillemisarn\/wp-content\/uploads\/usu1631\/2024\/10\/WhatsApp-Image-2024-10-21-at-13.05.36.jpeg\" width=\"172\" height=\"175\" \/>Benvolgudes fam\u00edlies,<\/p>\n<p>Avui hem rebut la visita de l&#8217;Estefani, qui ens ha explicat i recordat qu\u00e8 significa i quines avantatges t\u00e9 per a nosaltres i per al planeta consumir aliments ecol\u00f2gics de proximitat.<\/p>\n<p>A trav\u00e9s de quatre jocs cooperatius hem pogut anar aprenent m\u00e9s coses sobre aquest tema.<\/p>\n<p><a href=\"https:\/\/photos.app.goo.gl\/mZrySWNzFDxwCnJAA\">Recull de fotos.<\/a><\/p>\n","protected":false},"excerpt":{"rendered":"<p>Benvolgudes fam\u00edlies,<br \/>\nAvui hem rebut la visita de l&#8217;Estefani, qui ens ha explicat i recordat qu\u00e8 significa i quines avantatges t\u00e9 per a nosaltres i per al planeta consumir aliments ecol\u00f2gics de proximitat.<br \/>\nA trav\u00e9s de quatre jocs cooperatius hem pogut anar aprenent m\u00e9s coses sobre aquest&hellip;  <a href=\"https:\/\/agora.xtec.cat\/escguillemisarn\/general\/taller-dalimentacio-ecologica-cicle-mitja\/\" title=\"Read Taller d&#8217;alimentaci\u00f3 ecol\u00f2gica &#8211; Cicle Mitj\u00e0\">Llegeix m\u00e9s\u00bb<\/a><\/p>\n","protected":false},"author":11,"featured_media":3596,"comment_status":"open","ping_status":"closed","sticky":false,"template":"","format":"standard","meta":{"_bbp_topic_count":0,"_bbp_reply_count":0,"_bbp_total_topic_count":0,"_bbp_total_reply_count":0,"_bbp_voice_count":0,"_bbp_anonymous_reply_count":0,"_bbp_topic_count_hidden":0,"_bbp_reply_count_hidden":0,"_bbp_forum_subforum_count":0,"footnotes":""},"categories":[72,77,1,4,5],"tags":[],"class_list":["post-3595","post","type-post","status-publish","format-standard","has-post-thumbnail","hentry","category-cm","category-escola-verda","category-general","category-portada","category-primaria"],"post_mailing_queue_ids":[],"_links":{"self":[{"href":"https:\/\/agora.xtec.cat\/escguillemisarn\/wp-json\/wp\/v2\/posts\/3595","targetHints":{"allow":["GET"]}}],"collection":[{"href":"https:\/\/agora.xtec.cat\/escguillemisarn\/wp-json\/wp\/v2\/posts"}],"about":[{"href":"https:\/\/agora.xtec.cat\/escguillemisarn\/wp-json\/wp\/v2\/types\/post"}],"author":[{"embeddable":true,"href":"https:\/\/agora.xtec.cat\/escguillemisarn\/wp-json\/wp\/v2\/users\/11"}],"replies":[{"embeddable":true,"href":"https:\/\/agora.xtec.cat\/escguillemisarn\/wp-json\/wp\/v2\/comments?post=3595"}],"version-history":[{"count":2,"href":"https:\/\/agora.xtec.cat\/escguillemisarn\/wp-json\/wp\/v2\/posts\/3595\/revisions"}],"predecessor-version":[{"id":3598,"href":"https:\/\/agora.xtec.cat\/escguillemisarn\/wp-json\/wp\/v2\/posts\/3595\/revisions\/3598"}],"wp:featuredmedia":[{"embeddable":true,"href":"https:\/\/agora.xtec.cat\/escguillemisarn\/wp-json\/wp\/v2\/media\/3596"}],"wp:attachment":[{"href":"https:\/\/agora.xtec.cat\/escguillemisarn\/wp-json\/wp\/v2\/media?parent=3595"}],"wp:term":[{"taxonomy":"category","embeddable":true,"href":"https:\/\/agora.xtec.cat\/escguillemisarn\/wp-json\/wp\/v2\/categories?post=3595"},{"taxonomy":"post_tag","embeddable":true,"href":"https:\/\/agora.xtec.cat\/escguillemisarn\/wp-json\/wp\/v2\/tags?post=3595"}],"curies":[{"name":"wp","href":"https:\/\/api.w.org\/{rel}","templated":true}]}}