{"id":3586,"date":"2024-10-19T12:40:14","date_gmt":"2024-10-19T10:40:14","guid":{"rendered":"https:\/\/agora.xtec.cat\/escguillemisarn\/?p=3586"},"modified":"2024-10-19T12:44:30","modified_gmt":"2024-10-19T10:44:30","slug":"el-compostador","status":"publish","type":"post","link":"https:\/\/agora.xtec.cat\/escguillemisarn\/general\/el-compostador\/","title":{"rendered":"EL COMPOSTADOR"},"content":{"rendered":"<p><a href=\"https:\/\/agora.xtec.cat\/escguillemisarn\/wp-content\/uploads\/usu1631\/2024\/10\/compostador.webp\"><img loading=\"lazy\" decoding=\"async\" class=\"alignnone wp-image-3588\" src=\"https:\/\/agora.xtec.cat\/escguillemisarn\/wp-content\/uploads\/usu1631\/2024\/10\/compostador.webp\" alt=\"\" width=\"142\" height=\"159\" srcset=\"https:\/\/agora.xtec.cat\/escguillemisarn\/wp-content\/uploads\/usu1631\/2024\/10\/compostador.webp 583w, https:\/\/agora.xtec.cat\/escguillemisarn\/wp-content\/uploads\/usu1631\/2024\/10\/compostador-269x300.webp 269w\" sizes=\"auto, (max-width: 142px) 100vw, 142px\" \/><\/a><\/p>\n<p>El curs passat els nostres companys i companyes que cursaven 4t van iniciar el compostador a la nostra escola. Per aix\u00f2 a inici de curs vam anar a veure com funcionava amb la senyoreta \u00c0ngels i posteriorment en vam extreure tot el\u00a0 <a href=\"https:\/\/photos.app.goo.gl\/hpanLjny7bSf8c8n6\">COMPOST PER L\u00b4HORT, <\/a>el qual necessit\u00e0vem per iniciar el &#8220;Taller d\u00b4Hort&#8221; a l\u00b4octubre.<\/p>\n<p>Tamb\u00e9 vam aprofitar el dia de la poda d\u00b4arbres per guardar\u00a0\u00a0<a href=\"https:\/\/photos.app.goo.gl\/quSDHS3DYAu8Ladd8\">FULLES<\/a> i poder-les assecar, MOLTES GR\u00c0CIES MARC.<\/p>\n<p>Posteriorment vam tenir una gran sorpresa, ja que l\u00b4escola havia invertit en la compra d\u00b4un <a href=\"https:\/\/photos.app.goo.gl\/88k1vxduwUodCJjHA\">NOU COMPOSTADOR <\/a><span style=\"font-family: inherit; font-size: 1em;\">i ten\u00edem l\u00b4oportunitat d\u00b4iniciar-ne un nosaltres aquest curs: ficar la capa d\u00b4estructures de branques d\u00b4arbre, cartrons d\u00b4ous, pinyes, fulles, serrin&#8230; per la part seca.<\/span><\/p>\n<p>Ara cada setmana som els encarregat de tirar restes org\u00e0niques vegetals (restes humides), remenar amb l\u00b4airejador i controlar la temperatura.<\/p>\n<p>Tenim molta sort des del menjador ens reserven restes vegetals i els nostres companys i companyes de l\u00b4escola ens guarden les restes dels esmorzars, tamb\u00e9 portem restes vegetals de casa i aix\u00ed fer possible tot el seu funcionament, molt\u00edssimes gr\u00e0cies a tots i totes per fer-ho possible.<\/p>\n","protected":false},"excerpt":{"rendered":"<p><a href=\"https:\/\/agora.xtec.cat\/escguillemisarn\/wp-content\/uploads\/usu1631\/2024\/10\/compostador.webp\"><\/a><br \/>\nEl curs passat els nostres companys i companyes que cursaven 4t van iniciar el compostador a la nostra escola. Per aix\u00f2 a inici de curs vam anar a veure com funcionava amb la senyoreta \u00c0ngels i posteriorment en vam extreure tot el\u00a0 <a href=\"https:\/\/photos.app.goo.gl\/hpanLjny7bSf8c8n6\">COMPOST&hellip;  <a href=\"https:\/\/agora.xtec.cat\/escguillemisarn\/general\/el-compostador\/\" title=\"Read EL COMPOSTADOR\">Llegeix m\u00e9s\u00bb<\/a><\/p>\n","protected":false},"author":41,"featured_media":3588,"comment_status":"open","ping_status":"closed","sticky":false,"template":"","format":"standard","meta":{"_bbp_topic_count":0,"_bbp_reply_count":0,"_bbp_total_topic_count":0,"_bbp_total_reply_count":0,"_bbp_voice_count":0,"_bbp_anonymous_reply_count":0,"_bbp_topic_count_hidden":0,"_bbp_reply_count_hidden":0,"_bbp_forum_subforum_count":0,"footnotes":""},"categories":[72,1,4,5],"tags":[],"class_list":["post-3586","post","type-post","status-publish","format-standard","has-post-thumbnail","hentry","category-cm","category-general","category-portada","category-primaria"],"post_mailing_queue_ids":[],"_links":{"self":[{"href":"https:\/\/agora.xtec.cat\/escguillemisarn\/wp-json\/wp\/v2\/posts\/3586","targetHints":{"allow":["GET"]}}],"collection":[{"href":"https:\/\/agora.xtec.cat\/escguillemisarn\/wp-json\/wp\/v2\/posts"}],"about":[{"href":"https:\/\/agora.xtec.cat\/escguillemisarn\/wp-json\/wp\/v2\/types\/post"}],"author":[{"embeddable":true,"href":"https:\/\/agora.xtec.cat\/escguillemisarn\/wp-json\/wp\/v2\/users\/41"}],"replies":[{"embeddable":true,"href":"https:\/\/agora.xtec.cat\/escguillemisarn\/wp-json\/wp\/v2\/comments?post=3586"}],"version-history":[{"count":6,"href":"https:\/\/agora.xtec.cat\/escguillemisarn\/wp-json\/wp\/v2\/posts\/3586\/revisions"}],"predecessor-version":[{"id":3594,"href":"https:\/\/agora.xtec.cat\/escguillemisarn\/wp-json\/wp\/v2\/posts\/3586\/revisions\/3594"}],"wp:featuredmedia":[{"embeddable":true,"href":"https:\/\/agora.xtec.cat\/escguillemisarn\/wp-json\/wp\/v2\/media\/3588"}],"wp:attachment":[{"href":"https:\/\/agora.xtec.cat\/escguillemisarn\/wp-json\/wp\/v2\/media?parent=3586"}],"wp:term":[{"taxonomy":"category","embeddable":true,"href":"https:\/\/agora.xtec.cat\/escguillemisarn\/wp-json\/wp\/v2\/categories?post=3586"},{"taxonomy":"post_tag","embeddable":true,"href":"https:\/\/agora.xtec.cat\/escguillemisarn\/wp-json\/wp\/v2\/tags?post=3586"}],"curies":[{"name":"wp","href":"https:\/\/api.w.org\/{rel}","templated":true}]}}