{"id":3581,"date":"2024-10-16T22:07:42","date_gmt":"2024-10-16T20:07:42","guid":{"rendered":"https:\/\/agora.xtec.cat\/escguillemisarn\/?p=3581"},"modified":"2024-10-18T12:00:37","modified_gmt":"2024-10-18T10:00:37","slug":"el-primer-comite-ambiental-del-curs","status":"publish","type":"post","link":"https:\/\/agora.xtec.cat\/escguillemisarn\/general\/el-primer-comite-ambiental-del-curs\/","title":{"rendered":"EL PRIMER COMIT\u00c8 AMBIENTAL DEL CURS"},"content":{"rendered":"<p>Benvolgudes fam\u00edlies,<\/p>\n<p>&nbsp;<\/p>\n<p><img loading=\"lazy\" decoding=\"async\" class=\"attachment-266x266 size-266x266 alignleft\" src=\"https:\/\/agora.xtec.cat\/escguillemisarn\/wp-content\/uploads\/usu1631\/2024\/10\/IMG_7556-scaled.jpg\" sizes=\"auto, (max-width: 266px) 100vw, 266px\" srcset=\"https:\/\/agora.xtec.cat\/escguillemisarn\/wp-content\/uploads\/usu1631\/2024\/10\/IMG_7556-scaled.jpg 2560w, https:\/\/agora.xtec.cat\/escguillemisarn\/wp-content\/uploads\/usu1631\/2024\/10\/IMG_7556-300x225.jpg 300w, https:\/\/agora.xtec.cat\/escguillemisarn\/wp-content\/uploads\/usu1631\/2024\/10\/IMG_7556-1024x768.jpg 1024w, https:\/\/agora.xtec.cat\/escguillemisarn\/wp-content\/uploads\/usu1631\/2024\/10\/IMG_7556-768x576.jpg 768w, https:\/\/agora.xtec.cat\/escguillemisarn\/wp-content\/uploads\/usu1631\/2024\/10\/IMG_7556-1536x1152.jpg 1536w, https:\/\/agora.xtec.cat\/escguillemisarn\/wp-content\/uploads\/usu1631\/2024\/10\/IMG_7556-2048x1536.jpg 2048w, https:\/\/agora.xtec.cat\/escguillemisarn\/wp-content\/uploads\/usu1631\/2024\/10\/IMG_7556-200x150.jpg 200w\" alt=\"\" width=\"266\" height=\"200\" \/><\/p>\n<p>Avui 16 d&#8217;octubre, els delegats verds de l&#8217;escola conjuntament amb mestres de la comissi\u00f3 d&#8217;Escola Verda, s&#8217;han reunit en elprimer COMIT\u00c8 AMBIENTAL d&#8217;aquest curs 2024-25.<\/p>\n<p>Recentment, a La Fuliola i a Bold\u00fa, s&#8217;ha engegat el nou model de recollida de residus porta a porta, i per tal de continuar prenent consci\u00e8ncia de la import\u00e0ncia del reciclatge, els membres d&#8217;aquest comit\u00e8 han comen\u00e7at a aportar idees i a prendre acords per tal de treballar en aquesta l\u00ednia al nostre centre.<\/p>\n<p>Tots hi posen moltes ganes!! Som-hi, ENDAVANT!!!<\/p>\n<p><a href=\"https:\/\/photos.app.goo.gl\/5HMciKgaEwXVbkFv6\">Fes clic<\/a><\/p>\n<h1 class=\"elementor-heading-title elementor-size-default\"><\/h1>\n","protected":false},"excerpt":{"rendered":"<p>Benvolgudes fam\u00edlies,<br \/>\n&nbsp;<\/p>\n<p>Avui 16 d&#8217;octubre, els delegats verds de l&#8217;escola conjuntament amb mestres de la comissi\u00f3 d&#8217;Escola Verda, s&#8217;han reunit en elprimer COMIT\u00c8 AMBIENTAL d&#8217;aquest curs 2024-25.<br \/>\nRecentment, a La Fuliola i a Bold\u00fa, s&#8217;ha engegat el nou model de recollida de residus porta a porta, i&hellip;  <a href=\"https:\/\/agora.xtec.cat\/escguillemisarn\/general\/el-primer-comite-ambiental-del-curs\/\" title=\"Read EL PRIMER COMIT\u00c8 AMBIENTAL DEL CURS\">Llegeix m\u00e9s\u00bb<\/a><\/p>\n","protected":false},"author":11,"featured_media":3582,"comment_status":"open","ping_status":"closed","sticky":false,"template":"","format":"standard","meta":{"_bbp_topic_count":0,"_bbp_reply_count":0,"_bbp_total_topic_count":0,"_bbp_total_reply_count":0,"_bbp_voice_count":0,"_bbp_anonymous_reply_count":0,"_bbp_topic_count_hidden":0,"_bbp_reply_count_hidden":0,"_bbp_forum_subforum_count":0,"footnotes":""},"categories":[71,72,73,77,1,4,5],"tags":[],"class_list":["post-3581","post","type-post","status-publish","format-standard","has-post-thumbnail","hentry","category-ci","category-cm","category-cs","category-escola-verda","category-general","category-portada","category-primaria"],"post_mailing_queue_ids":[],"_links":{"self":[{"href":"https:\/\/agora.xtec.cat\/escguillemisarn\/wp-json\/wp\/v2\/posts\/3581","targetHints":{"allow":["GET"]}}],"collection":[{"href":"https:\/\/agora.xtec.cat\/escguillemisarn\/wp-json\/wp\/v2\/posts"}],"about":[{"href":"https:\/\/agora.xtec.cat\/escguillemisarn\/wp-json\/wp\/v2\/types\/post"}],"author":[{"embeddable":true,"href":"https:\/\/agora.xtec.cat\/escguillemisarn\/wp-json\/wp\/v2\/users\/11"}],"replies":[{"embeddable":true,"href":"https:\/\/agora.xtec.cat\/escguillemisarn\/wp-json\/wp\/v2\/comments?post=3581"}],"version-history":[{"count":3,"href":"https:\/\/agora.xtec.cat\/escguillemisarn\/wp-json\/wp\/v2\/posts\/3581\/revisions"}],"predecessor-version":[{"id":3585,"href":"https:\/\/agora.xtec.cat\/escguillemisarn\/wp-json\/wp\/v2\/posts\/3581\/revisions\/3585"}],"wp:featuredmedia":[{"embeddable":true,"href":"https:\/\/agora.xtec.cat\/escguillemisarn\/wp-json\/wp\/v2\/media\/3582"}],"wp:attachment":[{"href":"https:\/\/agora.xtec.cat\/escguillemisarn\/wp-json\/wp\/v2\/media?parent=3581"}],"wp:term":[{"taxonomy":"category","embeddable":true,"href":"https:\/\/agora.xtec.cat\/escguillemisarn\/wp-json\/wp\/v2\/categories?post=3581"},{"taxonomy":"post_tag","embeddable":true,"href":"https:\/\/agora.xtec.cat\/escguillemisarn\/wp-json\/wp\/v2\/tags?post=3581"}],"curies":[{"name":"wp","href":"https:\/\/api.w.org\/{rel}","templated":true}]}}