{"id":3570,"date":"2025-02-14T20:58:31","date_gmt":"2025-02-14T19:58:31","guid":{"rendered":"https:\/\/agora.xtec.cat\/escguillemisarn\/?p=3570"},"modified":"2025-03-03T16:16:19","modified_gmt":"2025-03-03T15:16:19","slug":"la-nostra-escola-a-fang-de-lsx3","status":"publish","type":"post","link":"https:\/\/agora.xtec.cat\/escguillemisarn\/general\/la-nostra-escola-a-fang-de-lsx3\/","title":{"rendered":"La nostra escola, a FANG! de l&#8217;SX3"},"content":{"rendered":"<p><a href=\"https:\/\/agora.xtec.cat\/escguillemisarn\/wp-content\/uploads\/usu1631\/2024\/10\/Logo-fang.jpg\"><img loading=\"lazy\" decoding=\"async\" class=\"size-full wp-image-3571 aligncenter\" src=\"https:\/\/agora.xtec.cat\/escguillemisarn\/wp-content\/uploads\/usu1631\/2024\/10\/Logo-fang.jpg\" alt=\"\" width=\"303\" height=\"443\" srcset=\"https:\/\/agora.xtec.cat\/escguillemisarn\/wp-content\/uploads\/usu1631\/2024\/10\/Logo-fang.jpg 303w, https:\/\/agora.xtec.cat\/escguillemisarn\/wp-content\/uploads\/usu1631\/2024\/10\/Logo-fang-205x300.jpg 205w\" sizes=\"auto, (max-width: 303px) 100vw, 303px\" \/><\/a>Diuen que a vegades els trens nom\u00e9s passen una vegada, i aquesta s&#8217;ha aturat a la nostra escola! Els infants de 4t, 5\u00e8 i 6\u00e8 han viscut una experi\u00e8ncia inoblidable participant en el programa de 3CAT anomenat FANG! Hem anat a Sant Pere Pescador a gravar el nostre cap\u00edtol i ha estat una experi\u00e8ncia inoblidable.<\/p>\n<p>Volem agrair a l&#8217;AFA de l&#8217;escola per haver possibilitat aquesta oportunitat i tamb\u00e9 agrair a tots els infants que han participat en el programa ja que van haver de passar una selecci\u00f3 pr\u00e8via. Si voleu veure algunes fotografies, us les deixem aqu\u00ed:<\/p>\n<p>EL PROGRAMA:\u00a0<a href=\"https:\/\/www.3cat.cat\/tv3\/sx3\/t2xc4-les-coses-de-la-shalana\/video\/6322866\/\">https:\/\/www.3cat.cat\/tv3\/sx3\/t2xc4-les-coses-de-la-shalana\/video\/6322866\/<\/a><\/p>\n<p>LES FOTOS: <a href=\"https:\/\/photos.app.goo.gl\/3iwEyLWGDYdeYNye7\">https:\/\/photos.app.goo.gl\/3iwEyLWGDYdeYNye7<\/a><\/p>\n","protected":false},"excerpt":{"rendered":"<p><a href=\"https:\/\/agora.xtec.cat\/escguillemisarn\/wp-content\/uploads\/usu1631\/2024\/10\/Logo-fang.jpg\"><\/a>Diuen que a vegades els trens nom\u00e9s passen una vegada, i aquesta s&#8217;ha aturat a la nostra escola! Els infants de 4t, 5\u00e8 i 6\u00e8 han viscut una experi\u00e8ncia inoblidable participant en el programa de 3CAT anomenat FANG! Hem anat a Sant Pere Pescador&hellip;  <a href=\"https:\/\/agora.xtec.cat\/escguillemisarn\/general\/la-nostra-escola-a-fang-de-lsx3\/\" title=\"Read La nostra escola, a FANG! de l&#8217;SX3\">Llegeix m\u00e9s\u00bb<\/a><\/p>\n","protected":false},"author":1,"featured_media":0,"comment_status":"open","ping_status":"closed","sticky":false,"template":"","format":"standard","meta":{"_bbp_topic_count":0,"_bbp_reply_count":0,"_bbp_total_topic_count":0,"_bbp_total_reply_count":0,"_bbp_voice_count":0,"_bbp_anonymous_reply_count":0,"_bbp_topic_count_hidden":0,"_bbp_reply_count_hidden":0,"_bbp_forum_subforum_count":0,"footnotes":""},"categories":[72,73,1,4,5],"tags":[],"class_list":["post-3570","post","type-post","status-publish","format-standard","hentry","category-cm","category-cs","category-general","category-portada","category-primaria"],"post_mailing_queue_ids":[],"_links":{"self":[{"href":"https:\/\/agora.xtec.cat\/escguillemisarn\/wp-json\/wp\/v2\/posts\/3570","targetHints":{"allow":["GET"]}}],"collection":[{"href":"https:\/\/agora.xtec.cat\/escguillemisarn\/wp-json\/wp\/v2\/posts"}],"about":[{"href":"https:\/\/agora.xtec.cat\/escguillemisarn\/wp-json\/wp\/v2\/types\/post"}],"author":[{"embeddable":true,"href":"https:\/\/agora.xtec.cat\/escguillemisarn\/wp-json\/wp\/v2\/users\/1"}],"replies":[{"embeddable":true,"href":"https:\/\/agora.xtec.cat\/escguillemisarn\/wp-json\/wp\/v2\/comments?post=3570"}],"version-history":[{"count":3,"href":"https:\/\/agora.xtec.cat\/escguillemisarn\/wp-json\/wp\/v2\/posts\/3570\/revisions"}],"predecessor-version":[{"id":3784,"href":"https:\/\/agora.xtec.cat\/escguillemisarn\/wp-json\/wp\/v2\/posts\/3570\/revisions\/3784"}],"wp:attachment":[{"href":"https:\/\/agora.xtec.cat\/escguillemisarn\/wp-json\/wp\/v2\/media?parent=3570"}],"wp:term":[{"taxonomy":"category","embeddable":true,"href":"https:\/\/agora.xtec.cat\/escguillemisarn\/wp-json\/wp\/v2\/categories?post=3570"},{"taxonomy":"post_tag","embeddable":true,"href":"https:\/\/agora.xtec.cat\/escguillemisarn\/wp-json\/wp\/v2\/tags?post=3570"}],"curies":[{"name":"wp","href":"https:\/\/api.w.org\/{rel}","templated":true}]}}