{"id":3558,"date":"2024-10-11T11:12:42","date_gmt":"2024-10-11T09:12:42","guid":{"rendered":"https:\/\/agora.xtec.cat\/escguillemisarn\/?p=3558"},"modified":"2024-10-11T11:12:42","modified_gmt":"2024-10-11T09:12:42","slug":"jornada-esportiva-al-parc-de-sant-eloi-de-tarrega-3","status":"publish","type":"post","link":"https:\/\/agora.xtec.cat\/escguillemisarn\/general\/jornada-esportiva-al-parc-de-sant-eloi-de-tarrega-3\/","title":{"rendered":"Jornada Esportiva al Parc de Sant Eloi de T\u00e0rrega"},"content":{"rendered":"<p><a href=\"https:\/\/agora.xtec.cat\/escguillemisarn\/wp-content\/uploads\/usu1631\/2024\/10\/Jornada-esportiva.png\"><img loading=\"lazy\" decoding=\"async\" class=\"wp-image-3559 alignleft\" src=\"https:\/\/agora.xtec.cat\/escguillemisarn\/wp-content\/uploads\/usu1631\/2024\/10\/Jornada-esportiva-1024x682.png\" alt=\"\" width=\"380\" height=\"253\" srcset=\"https:\/\/agora.xtec.cat\/escguillemisarn\/wp-content\/uploads\/usu1631\/2024\/10\/Jornada-esportiva-1024x682.png 1024w, https:\/\/agora.xtec.cat\/escguillemisarn\/wp-content\/uploads\/usu1631\/2024\/10\/Jornada-esportiva-300x200.png 300w, https:\/\/agora.xtec.cat\/escguillemisarn\/wp-content\/uploads\/usu1631\/2024\/10\/Jornada-esportiva-768x512.png 768w, https:\/\/agora.xtec.cat\/escguillemisarn\/wp-content\/uploads\/usu1631\/2024\/10\/Jornada-esportiva-1536x1024.png 1536w, https:\/\/agora.xtec.cat\/escguillemisarn\/wp-content\/uploads\/usu1631\/2024\/10\/Jornada-esportiva.png 1772w\" sizes=\"auto, (max-width: 380px) 100vw, 380px\" \/><\/a>Els alumnes de cinqu\u00e8 i sis\u00e8 han gaudit de la tradicional jornada esportiva que organitza el Consell Esportiu de l&#8217;Urgell juntament amb el seminari de docents d&#8217;Educaci\u00f3 F\u00edsica de la comarca amb l&#8217;objectiu de fomentar l&#8217;activitat f\u00edsica i les bones sin\u00e8rgies entre escolars de l&#8217;Urgell.<\/p>\n<p>La jornada ha comptat amb tot l&#8217;alumnat de tots els centres de la nostra comarca i han realitzat diferents jocs esportius distribu\u00eft pel Parc de Sant Eloi de T\u00e0rrega. Els alumnes de batxillerat dels instituts de l&#8217;Urgell han estat els encarregats de dinamitzar tots i cadascun dels jocs que hem pogut practicar.<\/p>\n<p>Si voleu veure algunes imatges, aqu\u00ed us les deixem:\u00a0<a href=\"https:\/\/photos.app.goo.gl\/iag2iRfEVMfGWz8s5\">https:\/\/photos.app.goo.gl\/iag2iRfEVMfGWz8s5<\/a><\/p>\n<p>&nbsp;<\/p>\n","protected":false},"excerpt":{"rendered":"<p><a href=\"https:\/\/agora.xtec.cat\/escguillemisarn\/wp-content\/uploads\/usu1631\/2024\/10\/Jornada-esportiva.png\"><\/a>Els alumnes de cinqu\u00e8 i sis\u00e8 han gaudit de la tradicional jornada esportiva que organitza el Consell Esportiu de l&#8217;Urgell juntament amb el seminari de docents d&#8217;Educaci\u00f3 F\u00edsica de la comarca amb l&#8217;objectiu de fomentar l&#8217;activitat f\u00edsica i les bones sin\u00e8rgies entre escolars de&hellip;  <a href=\"https:\/\/agora.xtec.cat\/escguillemisarn\/general\/jornada-esportiva-al-parc-de-sant-eloi-de-tarrega-3\/\" title=\"Read Jornada Esportiva al Parc de Sant Eloi de T\u00e0rrega\">Llegeix m\u00e9s\u00bb<\/a><\/p>\n","protected":false},"author":1,"featured_media":0,"comment_status":"open","ping_status":"closed","sticky":false,"template":"","format":"standard","meta":{"_bbp_topic_count":0,"_bbp_reply_count":0,"_bbp_total_topic_count":0,"_bbp_total_reply_count":0,"_bbp_voice_count":0,"_bbp_anonymous_reply_count":0,"_bbp_topic_count_hidden":0,"_bbp_reply_count_hidden":0,"_bbp_forum_subforum_count":0,"footnotes":""},"categories":[73,1,4,5],"tags":[],"class_list":["post-3558","post","type-post","status-publish","format-standard","hentry","category-cs","category-general","category-portada","category-primaria"],"post_mailing_queue_ids":[],"_links":{"self":[{"href":"https:\/\/agora.xtec.cat\/escguillemisarn\/wp-json\/wp\/v2\/posts\/3558","targetHints":{"allow":["GET"]}}],"collection":[{"href":"https:\/\/agora.xtec.cat\/escguillemisarn\/wp-json\/wp\/v2\/posts"}],"about":[{"href":"https:\/\/agora.xtec.cat\/escguillemisarn\/wp-json\/wp\/v2\/types\/post"}],"author":[{"embeddable":true,"href":"https:\/\/agora.xtec.cat\/escguillemisarn\/wp-json\/wp\/v2\/users\/1"}],"replies":[{"embeddable":true,"href":"https:\/\/agora.xtec.cat\/escguillemisarn\/wp-json\/wp\/v2\/comments?post=3558"}],"version-history":[{"count":1,"href":"https:\/\/agora.xtec.cat\/escguillemisarn\/wp-json\/wp\/v2\/posts\/3558\/revisions"}],"predecessor-version":[{"id":3560,"href":"https:\/\/agora.xtec.cat\/escguillemisarn\/wp-json\/wp\/v2\/posts\/3558\/revisions\/3560"}],"wp:attachment":[{"href":"https:\/\/agora.xtec.cat\/escguillemisarn\/wp-json\/wp\/v2\/media?parent=3558"}],"wp:term":[{"taxonomy":"category","embeddable":true,"href":"https:\/\/agora.xtec.cat\/escguillemisarn\/wp-json\/wp\/v2\/categories?post=3558"},{"taxonomy":"post_tag","embeddable":true,"href":"https:\/\/agora.xtec.cat\/escguillemisarn\/wp-json\/wp\/v2\/tags?post=3558"}],"curies":[{"name":"wp","href":"https:\/\/api.w.org\/{rel}","templated":true}]}}