{"id":3552,"date":"2024-10-08T13:35:20","date_gmt":"2024-10-08T11:35:20","guid":{"rendered":"https:\/\/agora.xtec.cat\/escguillemisarn\/?p=3552"},"modified":"2024-10-08T13:35:20","modified_gmt":"2024-10-08T11:35:20","slug":"els-primers-dies-a-infantil","status":"publish","type":"post","link":"https:\/\/agora.xtec.cat\/escguillemisarn\/general\/els-primers-dies-a-infantil\/","title":{"rendered":"ELS PRIMERS DIES A INFANTIL"},"content":{"rendered":"<p><img decoding=\"async\" class=\"alignleft\" src=\"https:\/\/encrypted-tbn0.gstatic.com\/images?q=tbn:ANd9GcT47aJbNKWZsUFm_68P6eVHfsD2kFxYYqwdBQ&amp;s\" alt=\"Vuelta al cole, vuelta a las mochilas - Quiropr\u00e1ctica mar\" \/><\/p>\n<p>Els primers dies a infantil han estat dies de retrobament, de con\u00e8ixer-nos i de tornar amb moltes ganes i il\u00b7lusi\u00f3. A continuaci\u00f3 podeu veure uns v\u00eddeos amb les activitats que hem fet aquests primers dies a l&#8217;escola.<\/p>\n<p><a href=\"https:\/\/photos.app.goo.gl\/DrPR5WyWsuoj1onc7\">https:\/\/photos.app.goo.gl\/DrPR5WyWsuoj1onc7<\/a><\/p>\n<p>&nbsp;<\/p>\n","protected":false},"excerpt":{"rendered":"<p>Els primers dies a infantil han estat dies de retrobament, de con\u00e8ixer-nos i de tornar amb moltes ganes i il\u00b7lusi\u00f3. A continuaci\u00f3 podeu veure uns v\u00eddeos amb les activitats que hem fet aquests primers dies a l&#8217;escola.<br \/>\n<a href=\"https:\/\/photos.app.goo.gl\/DrPR5WyWsuoj1onc7\">https:\/\/photos.app.goo.gl\/DrPR5WyWsuoj1onc7<\/a><br \/>\n&nbsp;<\/p>\n","protected":false},"author":20,"featured_media":0,"comment_status":"open","ping_status":"closed","sticky":false,"template":"","format":"standard","meta":{"_bbp_topic_count":0,"_bbp_reply_count":0,"_bbp_total_topic_count":0,"_bbp_total_reply_count":0,"_bbp_voice_count":0,"_bbp_anonymous_reply_count":0,"_bbp_topic_count_hidden":0,"_bbp_reply_count_hidden":0,"_bbp_forum_subforum_count":0,"footnotes":""},"categories":[1,2,4],"tags":[],"class_list":["post-3552","post","type-post","status-publish","format-standard","hentry","category-general","category-infantil","category-portada"],"post_mailing_queue_ids":[],"_links":{"self":[{"href":"https:\/\/agora.xtec.cat\/escguillemisarn\/wp-json\/wp\/v2\/posts\/3552","targetHints":{"allow":["GET"]}}],"collection":[{"href":"https:\/\/agora.xtec.cat\/escguillemisarn\/wp-json\/wp\/v2\/posts"}],"about":[{"href":"https:\/\/agora.xtec.cat\/escguillemisarn\/wp-json\/wp\/v2\/types\/post"}],"author":[{"embeddable":true,"href":"https:\/\/agora.xtec.cat\/escguillemisarn\/wp-json\/wp\/v2\/users\/20"}],"replies":[{"embeddable":true,"href":"https:\/\/agora.xtec.cat\/escguillemisarn\/wp-json\/wp\/v2\/comments?post=3552"}],"version-history":[{"count":5,"href":"https:\/\/agora.xtec.cat\/escguillemisarn\/wp-json\/wp\/v2\/posts\/3552\/revisions"}],"predecessor-version":[{"id":3557,"href":"https:\/\/agora.xtec.cat\/escguillemisarn\/wp-json\/wp\/v2\/posts\/3552\/revisions\/3557"}],"wp:attachment":[{"href":"https:\/\/agora.xtec.cat\/escguillemisarn\/wp-json\/wp\/v2\/media?parent=3552"}],"wp:term":[{"taxonomy":"category","embeddable":true,"href":"https:\/\/agora.xtec.cat\/escguillemisarn\/wp-json\/wp\/v2\/categories?post=3552"},{"taxonomy":"post_tag","embeddable":true,"href":"https:\/\/agora.xtec.cat\/escguillemisarn\/wp-json\/wp\/v2\/tags?post=3552"}],"curies":[{"name":"wp","href":"https:\/\/api.w.org\/{rel}","templated":true}]}}