{"id":3543,"date":"2024-10-04T20:22:37","date_gmt":"2024-10-04T18:22:37","guid":{"rendered":"https:\/\/agora.xtec.cat\/escguillemisarn\/?p=3543"},"modified":"2024-10-05T11:07:40","modified_gmt":"2024-10-05T09:07:40","slug":"avui-4-doctubre-dia-internacional-dels-animals","status":"publish","type":"post","link":"https:\/\/agora.xtec.cat\/escguillemisarn\/general\/avui-4-doctubre-dia-internacional-dels-animals\/","title":{"rendered":"Avui 4 d&#8217;octubre dia internacional dels animals."},"content":{"rendered":"<p>A l&#8217;escola hem celebrat el dia mundial dels animals, els alumnes d&#8217;educaci\u00f3 infantil hem treballat aquest dia de la seg\u00fcent manera:<\/p>\n<p>I3- Hem treballat <strong>les mascotes<\/strong> que podem tenir a casa, com les hem de cuidar, de respectar i hem pogut gaudir de la visita a l&#8217;escola d&#8217;alguna de les mascotes ( un gos i un gat). Donem les gr\u00e0cies a les fam\u00edlies de l&#8217;Abril i del Pau d&#8217;I3 per portar-nos aquests animals a l&#8217;escola i con\u00e9ixer-los molt millor.<\/p>\n<p>I4-Hem treballat <strong>els animals salvatges<\/strong>, fent un mural de com son per fora aquests animals, les seves pells, petjades i el seu nom.Tamb\u00e9 hem visualitzat un v\u00eddeo amb informaci\u00f3 complement\u00e0ria d&#8217;aquests animals.<\/p>\n<p>I5-Hem treballat<strong> els animals en perill d&#8217;extinci\u00f3<\/strong>, hem vist\u00a0 quins animals a Catalunya estant en perill i hem fet una fitxa t\u00e8cnica del r\u00e8ptil, ja que nosaltres som la classe dels r\u00e8ptils.<\/p>\n<p>A continuaci\u00f3 podeu veure les fotos del dia mundial dels animals treballat a infantil.<\/p>\n<p><a href=\"https:\/\/photos.app.goo.gl\/rrv1nDSg5jb6AbEh7\">https:\/\/photos.app.goo.gl\/rrv1nDSg5jb6AbEh7<\/a><\/p>\n<figure class=\"figure wp-caption alignleft\"><a href=\"https:\/\/agora.xtec.cat\/escguillemisarn\/wp-content\/uploads\/usu1631\/2024\/10\/dia-mundial-de-los-animales-12444.jpg\"><img loading=\"lazy\" decoding=\"async\" class=\"wp-image-3544\" src=\"https:\/\/agora.xtec.cat\/escguillemisarn\/wp-content\/uploads\/usu1631\/2024\/10\/dia-mundial-de-los-animales-12444-150x150.jpg\" alt=\"\" width=\"161\" height=\"161\" \/><\/a><figcaption class=\"wp-caption-text\"><em><strong>4 d&#8217;octubre dia mundial dels animals<\/strong><\/em><\/figcaption><\/figure>\n","protected":false},"excerpt":{"rendered":"<p>A l&#8217;escola hem celebrat el dia mundial dels animals, els alumnes d&#8217;educaci\u00f3 infantil hem treballat aquest dia de la seg\u00fcent manera:<br \/>\nI3- Hem treballat les mascotes que podem tenir a casa, com les hem de cuidar, de respectar i hem pogut gaudir de la visita a&hellip;  <a href=\"https:\/\/agora.xtec.cat\/escguillemisarn\/general\/avui-4-doctubre-dia-internacional-dels-animals\/\" title=\"Read Avui 4 d&#8217;octubre dia internacional dels animals.\">Llegeix m\u00e9s\u00bb<\/a><\/p>\n","protected":false},"author":20,"featured_media":0,"comment_status":"open","ping_status":"closed","sticky":false,"template":"","format":"standard","meta":{"_bbp_topic_count":0,"_bbp_reply_count":0,"_bbp_total_topic_count":0,"_bbp_total_reply_count":0,"_bbp_voice_count":0,"_bbp_anonymous_reply_count":0,"_bbp_topic_count_hidden":0,"_bbp_reply_count_hidden":0,"_bbp_forum_subforum_count":0,"footnotes":""},"categories":[77,1,2,4,5],"tags":[],"class_list":["post-3543","post","type-post","status-publish","format-standard","hentry","category-escola-verda","category-general","category-infantil","category-portada","category-primaria"],"post_mailing_queue_ids":[],"_links":{"self":[{"href":"https:\/\/agora.xtec.cat\/escguillemisarn\/wp-json\/wp\/v2\/posts\/3543","targetHints":{"allow":["GET"]}}],"collection":[{"href":"https:\/\/agora.xtec.cat\/escguillemisarn\/wp-json\/wp\/v2\/posts"}],"about":[{"href":"https:\/\/agora.xtec.cat\/escguillemisarn\/wp-json\/wp\/v2\/types\/post"}],"author":[{"embeddable":true,"href":"https:\/\/agora.xtec.cat\/escguillemisarn\/wp-json\/wp\/v2\/users\/20"}],"replies":[{"embeddable":true,"href":"https:\/\/agora.xtec.cat\/escguillemisarn\/wp-json\/wp\/v2\/comments?post=3543"}],"version-history":[{"count":6,"href":"https:\/\/agora.xtec.cat\/escguillemisarn\/wp-json\/wp\/v2\/posts\/3543\/revisions"}],"predecessor-version":[{"id":3551,"href":"https:\/\/agora.xtec.cat\/escguillemisarn\/wp-json\/wp\/v2\/posts\/3543\/revisions\/3551"}],"wp:attachment":[{"href":"https:\/\/agora.xtec.cat\/escguillemisarn\/wp-json\/wp\/v2\/media?parent=3543"}],"wp:term":[{"taxonomy":"category","embeddable":true,"href":"https:\/\/agora.xtec.cat\/escguillemisarn\/wp-json\/wp\/v2\/categories?post=3543"},{"taxonomy":"post_tag","embeddable":true,"href":"https:\/\/agora.xtec.cat\/escguillemisarn\/wp-json\/wp\/v2\/tags?post=3543"}],"curies":[{"name":"wp","href":"https:\/\/api.w.org\/{rel}","templated":true}]}}