{"id":3526,"date":"2024-10-04T16:22:31","date_gmt":"2024-10-04T14:22:31","guid":{"rendered":"https:\/\/agora.xtec.cat\/escguillemisarn\/?p=3526"},"modified":"2024-10-04T16:22:31","modified_gmt":"2024-10-04T14:22:31","slug":"comencem-els-tallers-dels-divendres","status":"publish","type":"post","link":"https:\/\/agora.xtec.cat\/escguillemisarn\/general\/comencem-els-tallers-dels-divendres\/","title":{"rendered":"Comencem els TALLERS DELS DIVENDRES !"},"content":{"rendered":"<p><a href=\"https:\/\/agora.xtec.cat\/escguillemisarn\/wp-content\/uploads\/usu1631\/2024\/09\/shutterstock_1112381495.jpg\"><img loading=\"lazy\" decoding=\"async\" class=\"wp-image-3527 alignleft\" src=\"https:\/\/agora.xtec.cat\/escguillemisarn\/wp-content\/uploads\/usu1631\/2024\/09\/shutterstock_1112381495.jpg\" alt=\"\" width=\"439\" height=\"246\" srcset=\"https:\/\/agora.xtec.cat\/escguillemisarn\/wp-content\/uploads\/usu1631\/2024\/09\/shutterstock_1112381495.jpg 820w, https:\/\/agora.xtec.cat\/escguillemisarn\/wp-content\/uploads\/usu1631\/2024\/09\/shutterstock_1112381495-300x168.jpg 300w, https:\/\/agora.xtec.cat\/escguillemisarn\/wp-content\/uploads\/usu1631\/2024\/09\/shutterstock_1112381495-768x431.jpg 768w\" sizes=\"auto, (max-width: 439px) 100vw, 439px\" \/><\/a>Amb el curs ja iniciat, comencem els TALLERS dels divendres!<\/p>\n<p>Una organitzaci\u00f3, una metodologia i uns processos d&#8217;ensenyament i d&#8217;aprenentatge diferents als que fem durant tota la setmana. Aquests ingredients fan que l&#8217;alumnat se senti motivat per aprendre, per a col\u00b7laborar i per a ensenyar entre iguals.<\/p>\n<p>Ja sabeu que els alumnes de l&#8217;escola es barregen entre nivells, de manera que tenim alumnes de I3, I4, I5, 1r, 2n, 3r, 4t, 5\u00e8 i 6\u00e8 en un mateix espai i en mateix moment, aquest fet comporta que els vincles i les relacions entre l&#8217;alumnat canvi\u00efn i millorin aspectes com el respecte, el valor de l&#8217;ajuda m\u00fatua, la responsabilitat, entre altres.<\/p>\n<p>Aquest curs els tallers que s&#8217;impartiran s\u00f3n els seg\u00fcents:<\/p>\n<p>&nbsp;<\/p>\n<p>Aula sensorial <strong>|<\/strong> R\u00e0dio a l&#8217;escola <strong>|<\/strong> <span style=\"font-family: inherit; font-size: 1em;\">ODS <strong>| <\/strong><\/span>Explica&#8217;m un conte <strong>|<\/strong> Rob\u00f2tica<strong> |<\/strong> Mandales de sal<strong> |<\/strong> L&#8217;hort <strong>|<\/strong> Juguem! <strong>|<\/strong> Dance and yoga for kids <strong>|<\/strong> Little chef<\/p>\n<p>Volem destacar el Taller de R\u00e0dio a l&#8217;escola ja que hem obert una nova pestanya a la p\u00e0gina web per a que pugueu escoltar els Podcasts que generaran els nostres alumnes. Aqu\u00ed us deixem l&#8217;enlla\u00e7:\u00a0<a href=\"https:\/\/agora.xtec.cat\/escguillemisarn\/radio-escola-guillem-isarn\/\">https:\/\/agora.xtec.cat\/escguillemisarn\/radio-escola-guillem-isarn\/<\/a><\/p>\n<p>Esperem que us agradin i si voleu veure les primeres fotos dels primers tallers, aqu\u00ed us les deixem:\u00a0<a href=\"https:\/\/photos.app.goo.gl\/aJr219cvamrqngXM6\">https:\/\/photos.app.goo.gl\/aJr219cvamrqngXM6<\/a><\/p>\n","protected":false},"excerpt":{"rendered":"<p><a href=\"https:\/\/agora.xtec.cat\/escguillemisarn\/wp-content\/uploads\/usu1631\/2024\/09\/shutterstock_1112381495.jpg\"><\/a>Amb el curs ja iniciat, comencem els TALLERS dels divendres!<br \/>\nUna organitzaci\u00f3, una metodologia i uns processos d&#8217;ensenyament i d&#8217;aprenentatge diferents als que fem durant tota la setmana. Aquests ingredients fan que l&#8217;alumnat se senti motivat per aprendre, per a col\u00b7laborar i per a ensenyar&hellip;  <a href=\"https:\/\/agora.xtec.cat\/escguillemisarn\/general\/comencem-els-tallers-dels-divendres\/\" title=\"Read Comencem els TALLERS DELS DIVENDRES !\">Llegeix m\u00e9s\u00bb<\/a><\/p>\n","protected":false},"author":1,"featured_media":0,"comment_status":"open","ping_status":"closed","sticky":false,"template":"","format":"standard","meta":{"_bbp_topic_count":0,"_bbp_reply_count":0,"_bbp_total_topic_count":0,"_bbp_total_reply_count":0,"_bbp_voice_count":0,"_bbp_anonymous_reply_count":0,"_bbp_topic_count_hidden":0,"_bbp_reply_count_hidden":0,"_bbp_forum_subforum_count":0,"footnotes":""},"categories":[71,72,73,1,2,4,5],"tags":[],"class_list":["post-3526","post","type-post","status-publish","format-standard","hentry","category-ci","category-cm","category-cs","category-general","category-infantil","category-portada","category-primaria"],"post_mailing_queue_ids":[],"_links":{"self":[{"href":"https:\/\/agora.xtec.cat\/escguillemisarn\/wp-json\/wp\/v2\/posts\/3526","targetHints":{"allow":["GET"]}}],"collection":[{"href":"https:\/\/agora.xtec.cat\/escguillemisarn\/wp-json\/wp\/v2\/posts"}],"about":[{"href":"https:\/\/agora.xtec.cat\/escguillemisarn\/wp-json\/wp\/v2\/types\/post"}],"author":[{"embeddable":true,"href":"https:\/\/agora.xtec.cat\/escguillemisarn\/wp-json\/wp\/v2\/users\/1"}],"replies":[{"embeddable":true,"href":"https:\/\/agora.xtec.cat\/escguillemisarn\/wp-json\/wp\/v2\/comments?post=3526"}],"version-history":[{"count":2,"href":"https:\/\/agora.xtec.cat\/escguillemisarn\/wp-json\/wp\/v2\/posts\/3526\/revisions"}],"predecessor-version":[{"id":3547,"href":"https:\/\/agora.xtec.cat\/escguillemisarn\/wp-json\/wp\/v2\/posts\/3526\/revisions\/3547"}],"wp:attachment":[{"href":"https:\/\/agora.xtec.cat\/escguillemisarn\/wp-json\/wp\/v2\/media?parent=3526"}],"wp:term":[{"taxonomy":"category","embeddable":true,"href":"https:\/\/agora.xtec.cat\/escguillemisarn\/wp-json\/wp\/v2\/categories?post=3526"},{"taxonomy":"post_tag","embeddable":true,"href":"https:\/\/agora.xtec.cat\/escguillemisarn\/wp-json\/wp\/v2\/tags?post=3526"}],"curies":[{"name":"wp","href":"https:\/\/api.w.org\/{rel}","templated":true}]}}