{"id":3523,"date":"2024-09-26T16:26:52","date_gmt":"2024-09-26T14:26:52","guid":{"rendered":"https:\/\/agora.xtec.cat\/escguillemisarn\/?p=3523"},"modified":"2024-09-26T16:28:35","modified_gmt":"2024-09-26T14:28:35","slug":"assetjament-entre-iguals","status":"publish","type":"post","link":"https:\/\/agora.xtec.cat\/escguillemisarn\/general\/assetjament-entre-iguals\/","title":{"rendered":"ASSETJAMENT ENTRE IGUALS"},"content":{"rendered":"<p><a href=\"https:\/\/agora.xtec.cat\/escguillemisarn\/wp-content\/uploads\/usu1631\/2024\/09\/4-7.jpg\"><img loading=\"lazy\" decoding=\"async\" class=\"alignnone size-full wp-image-3524\" src=\"https:\/\/agora.xtec.cat\/escguillemisarn\/wp-content\/uploads\/usu1631\/2024\/09\/4-7.jpg\" alt=\"\" width=\"800\" height=\"600\" srcset=\"https:\/\/agora.xtec.cat\/escguillemisarn\/wp-content\/uploads\/usu1631\/2024\/09\/4-7.jpg 800w, https:\/\/agora.xtec.cat\/escguillemisarn\/wp-content\/uploads\/usu1631\/2024\/09\/4-7-300x225.jpg 300w, https:\/\/agora.xtec.cat\/escguillemisarn\/wp-content\/uploads\/usu1631\/2024\/09\/4-7-768x576.jpg 768w, https:\/\/agora.xtec.cat\/escguillemisarn\/wp-content\/uploads\/usu1631\/2024\/09\/4-7-200x150.jpg 200w\" sizes=\"auto, (max-width: 800px) 100vw, 800px\" \/><\/a><\/p>\n<p>Aquest mat\u00ed ens ha vingut a veure la Sra. Encarna, mossa d\u00b4esquadra a T\u00e0rrega, per parlar-nos de &#8220;l\u00b4assetjament entre iguals&#8221;.<\/p>\n<p>Primerament ens ha explicat que significava la paraula assetjament, despr\u00e8s mitjan\u00e7ant un c\u00f2mic ens ha introdu\u00eft en un cas d\u00b4assetjament i hem pogut concloure que:<\/p>\n<ul>\n<li>Som assetjats: busquem ajuda a un adult.<\/li>\n<li>Som assetjadors: busquem ajuda a un adult.<\/li>\n<li>Som part\u00edcips passius de l\u00b4assetjament: busquem ajuda a un adult.<\/li>\n<\/ul>\n<p>Tamb\u00e9 hem pogut parlar de les conseq\u00fc\u00e8ncies que pot rebre un assetjador.<\/p>\n<p>Ens ha quedat molt clar que EL SILENCI NO \u00c9S UNA OPCI\u00d3.<\/p>\n<p>Molt\u00edssimes gr\u00e0cies Encarna.<\/p>\n<p>Aqu\u00ed us deixem unes\u00a0 <a href=\"https:\/\/photos.app.goo.gl\/X23qBLsFpapdvHGf7\">FOTOS\u00a0<\/a><\/p>\n","protected":false},"excerpt":{"rendered":"<p><a href=\"https:\/\/agora.xtec.cat\/escguillemisarn\/wp-content\/uploads\/usu1631\/2024\/09\/4-7.jpg\"><\/a><br \/>\nAquest mat\u00ed ens ha vingut a veure la Sra. Encarna, mossa d\u00b4esquadra a T\u00e0rrega, per parlar-nos de &#8220;l\u00b4assetjament entre iguals&#8221;.<br \/>\nPrimerament ens ha explicat que significava la paraula assetjament, despr\u00e8s mitjan\u00e7ant un c\u00f2mic ens ha introdu\u00eft en un cas d\u00b4assetjament i hem pogut concloure que:<\/p>\n<ul>\n<li>Som&hellip;  <a href=\"https:\/\/agora.xtec.cat\/escguillemisarn\/general\/assetjament-entre-iguals\/\" title=\"Read ASSETJAMENT ENTRE IGUALS\">Llegeix m\u00e9s\u00bb<\/a><br \/>\n","protected":false},"author":41,"featured_media":3524,"comment_status":"open","ping_status":"closed","sticky":false,"template":"","format":"standard","meta":{"_bbp_topic_count":0,"_bbp_reply_count":0,"_bbp_total_topic_count":0,"_bbp_total_reply_count":0,"_bbp_voice_count":0,"_bbp_anonymous_reply_count":0,"_bbp_topic_count_hidden":0,"_bbp_reply_count_hidden":0,"_bbp_forum_subforum_count":0,"footnotes":""},"categories":[72,1,4,5],"tags":[],"class_list":["post-3523","post","type-post","status-publish","format-standard","has-post-thumbnail","hentry","category-cm","category-general","category-portada","category-primaria"],"post_mailing_queue_ids":[],"_links":{"self":[{"href":"https:\/\/agora.xtec.cat\/escguillemisarn\/wp-json\/wp\/v2\/posts\/3523","targetHints":{"allow":["GET"]}}],"collection":[{"href":"https:\/\/agora.xtec.cat\/escguillemisarn\/wp-json\/wp\/v2\/posts"}],"about":[{"href":"https:\/\/agora.xtec.cat\/escguillemisarn\/wp-json\/wp\/v2\/types\/post"}],"author":[{"embeddable":true,"href":"https:\/\/agora.xtec.cat\/escguillemisarn\/wp-json\/wp\/v2\/users\/41"}],"replies":[{"embeddable":true,"href":"https:\/\/agora.xtec.cat\/escguillemisarn\/wp-json\/wp\/v2\/comments?post=3523"}],"version-history":[{"count":1,"href":"https:\/\/agora.xtec.cat\/escguillemisarn\/wp-json\/wp\/v2\/posts\/3523\/revisions"}],"predecessor-version":[{"id":3525,"href":"https:\/\/agora.xtec.cat\/escguillemisarn\/wp-json\/wp\/v2\/posts\/3523\/revisions\/3525"}],"wp:featuredmedia":[{"embeddable":true,"href":"https:\/\/agora.xtec.cat\/escguillemisarn\/wp-json\/wp\/v2\/media\/3524"}],"wp:attachment":[{"href":"https:\/\/agora.xtec.cat\/escguillemisarn\/wp-json\/wp\/v2\/media?parent=3523"}],"wp:term":[{"taxonomy":"category","embeddable":true,"href":"https:\/\/agora.xtec.cat\/escguillemisarn\/wp-json\/wp\/v2\/categories?post=3523"},{"taxonomy":"post_tag","embeddable":true,"href":"https:\/\/agora.xtec.cat\/escguillemisarn\/wp-json\/wp\/v2\/tags?post=3523"}],"curies":[{"name":"wp","href":"https:\/\/api.w.org\/{rel}","templated":true}]}}