{"id":3513,"date":"2024-09-09T09:42:26","date_gmt":"2024-09-09T07:42:26","guid":{"rendered":"https:\/\/agora.xtec.cat\/escguillemisarn\/?p=3513"},"modified":"2024-09-09T09:44:02","modified_gmt":"2024-09-09T07:44:02","slug":"el-primer-dia-descola-un-dia-ple","status":"publish","type":"post","link":"https:\/\/agora.xtec.cat\/escguillemisarn\/general\/el-primer-dia-descola-un-dia-ple\/","title":{"rendered":"El primer dia d&#8217;escola, un moment fant\u00e0stic!"},"content":{"rendered":"<p><a href=\"https:\/\/agora.xtec.cat\/escguillemisarn\/wp-content\/uploads\/usu1631\/2024\/09\/els-inicis-1024x879-1.jpeg\"><img loading=\"lazy\" decoding=\"async\" class=\"wp-image-3514 alignleft\" src=\"https:\/\/agora.xtec.cat\/escguillemisarn\/wp-content\/uploads\/usu1631\/2024\/09\/els-inicis-1024x879-1.jpeg\" alt=\"\" width=\"314\" height=\"269\" srcset=\"https:\/\/agora.xtec.cat\/escguillemisarn\/wp-content\/uploads\/usu1631\/2024\/09\/els-inicis-1024x879-1.jpeg 1024w, https:\/\/agora.xtec.cat\/escguillemisarn\/wp-content\/uploads\/usu1631\/2024\/09\/els-inicis-1024x879-1-300x258.jpeg 300w, https:\/\/agora.xtec.cat\/escguillemisarn\/wp-content\/uploads\/usu1631\/2024\/09\/els-inicis-1024x879-1-768x659.jpeg 768w\" sizes=\"auto, (max-width: 314px) 100vw, 314px\" \/><\/a>El primer dia del curs 2024-2025 sempre comen\u00e7a amb un bon somriure. Perqu\u00e8 no us perdeu els somriures dels nostres alumnes aqu\u00ed us deixem un recull de fotografies. Avui, que s&#8217;han obert les portes de l&#8217;escola despr\u00e9s de les vacances d&#8217;estiu, la comunitat educativa de l&#8217;escola Guillem Isarn us encoratja a que siguem capa\u00e7os de veure-hi els aprenentatges, el companyerisme, les il\u00b7lusions, els reptes, les oportunitats, la solidaritat, la confian\u00e7a, les emocions, l&#8217;esfor\u00e7, l&#8217;empatia&#8230; perqu\u00e8 l&#8217;\u00fanic impossible \u00e9s all\u00f2 que no s&#8217;intenta.<\/p>\n<p>Que tinguem un bon curs!\u00a0<a href=\"https:\/\/photos.app.goo.gl\/LDvvxsKkJJMbXHMb9\">https:\/\/photos.app.goo.gl\/LDvvxsKkJJMbXHMb9<\/a><\/p>\n<p>&nbsp;<\/p>\n<p>&nbsp;<\/p>\n","protected":false},"excerpt":{"rendered":"<p><a href=\"https:\/\/agora.xtec.cat\/escguillemisarn\/wp-content\/uploads\/usu1631\/2024\/09\/els-inicis-1024x879-1.jpeg\"><\/a>El primer dia del curs 2024-2025 sempre comen\u00e7a amb un bon somriure. Perqu\u00e8 no us perdeu els somriures dels nostres alumnes aqu\u00ed us deixem un recull de fotografies. Avui, que s&#8217;han obert les portes de l&#8217;escola despr\u00e9s de les vacances d&#8217;estiu, la comunitat educativa&hellip;  <a href=\"https:\/\/agora.xtec.cat\/escguillemisarn\/general\/el-primer-dia-descola-un-dia-ple\/\" title=\"Read El primer dia d&#8217;escola, un moment fant\u00e0stic!\">Llegeix m\u00e9s\u00bb<\/a><\/p>\n","protected":false},"author":1,"featured_media":0,"comment_status":"open","ping_status":"closed","sticky":false,"template":"","format":"standard","meta":{"_bbp_topic_count":0,"_bbp_reply_count":0,"_bbp_total_topic_count":0,"_bbp_total_reply_count":0,"_bbp_voice_count":0,"_bbp_anonymous_reply_count":0,"_bbp_topic_count_hidden":0,"_bbp_reply_count_hidden":0,"_bbp_forum_subforum_count":0,"footnotes":""},"categories":[71,72,73,1,2,4,5],"tags":[],"class_list":["post-3513","post","type-post","status-publish","format-standard","hentry","category-ci","category-cm","category-cs","category-general","category-infantil","category-portada","category-primaria"],"post_mailing_queue_ids":[],"_links":{"self":[{"href":"https:\/\/agora.xtec.cat\/escguillemisarn\/wp-json\/wp\/v2\/posts\/3513","targetHints":{"allow":["GET"]}}],"collection":[{"href":"https:\/\/agora.xtec.cat\/escguillemisarn\/wp-json\/wp\/v2\/posts"}],"about":[{"href":"https:\/\/agora.xtec.cat\/escguillemisarn\/wp-json\/wp\/v2\/types\/post"}],"author":[{"embeddable":true,"href":"https:\/\/agora.xtec.cat\/escguillemisarn\/wp-json\/wp\/v2\/users\/1"}],"replies":[{"embeddable":true,"href":"https:\/\/agora.xtec.cat\/escguillemisarn\/wp-json\/wp\/v2\/comments?post=3513"}],"version-history":[{"count":3,"href":"https:\/\/agora.xtec.cat\/escguillemisarn\/wp-json\/wp\/v2\/posts\/3513\/revisions"}],"predecessor-version":[{"id":3517,"href":"https:\/\/agora.xtec.cat\/escguillemisarn\/wp-json\/wp\/v2\/posts\/3513\/revisions\/3517"}],"wp:attachment":[{"href":"https:\/\/agora.xtec.cat\/escguillemisarn\/wp-json\/wp\/v2\/media?parent=3513"}],"wp:term":[{"taxonomy":"category","embeddable":true,"href":"https:\/\/agora.xtec.cat\/escguillemisarn\/wp-json\/wp\/v2\/categories?post=3513"},{"taxonomy":"post_tag","embeddable":true,"href":"https:\/\/agora.xtec.cat\/escguillemisarn\/wp-json\/wp\/v2\/tags?post=3513"}],"curies":[{"name":"wp","href":"https:\/\/api.w.org\/{rel}","templated":true}]}}