{"id":3502,"date":"2024-06-21T10:18:01","date_gmt":"2024-06-21T08:18:01","guid":{"rendered":"https:\/\/agora.xtec.cat\/escguillemisarn\/?p=3502"},"modified":"2024-06-21T10:18:01","modified_gmt":"2024-06-21T08:18:01","slug":"ultim-dia-de-curs-un-moment-emocionant","status":"publish","type":"post","link":"https:\/\/agora.xtec.cat\/escguillemisarn\/general\/ultim-dia-de-curs-un-moment-emocionant\/","title":{"rendered":"\u00daltim dia de curs, un moment emocionant!"},"content":{"rendered":"<p><a href=\"https:\/\/agora.xtec.cat\/escguillemisarn\/wp-content\/uploads\/usu1631\/2024\/06\/final-de-curs-1.png\"><img loading=\"lazy\" decoding=\"async\" class=\" wp-image-3503 alignleft\" src=\"https:\/\/agora.xtec.cat\/escguillemisarn\/wp-content\/uploads\/usu1631\/2024\/06\/final-de-curs-1.png\" alt=\"\" width=\"388\" height=\"275\" srcset=\"https:\/\/agora.xtec.cat\/escguillemisarn\/wp-content\/uploads\/usu1631\/2024\/06\/final-de-curs-1.png 560w, https:\/\/agora.xtec.cat\/escguillemisarn\/wp-content\/uploads\/usu1631\/2024\/06\/final-de-curs-1-300x213.png 300w\" sizes=\"auto, (max-width: 388px) 100vw, 388px\" \/><\/a>Els infants de l&#8217;escola ha viscut un dia ple d&#8217;emocions, acomiadaments i records. L&#8217;\u00faltim dia de curs sempre \u00e9s especial. Probablement sigui un dels dies m\u00e9s esperats per a tota la mainada per\u00f2, no ens enganyem, de seguida tornen a tenir ganes de que comenci l&#8217;espectacle, l&#8217;escola al setembre. No obstant aix\u00f2, avui tocava acomiadar-nos dels companys i companyes de 6\u00e8, per aquest motiu els alumnes m\u00e9s joves de l&#8217;escola els hi han donat un record molt bonic, aix\u00f2 ha estat correspost tamb\u00e9 per l&#8217;alumnat de 6\u00e8 amb un detall cap a ells; despr\u00e9s ha vingut el reconeixement dels padrins i fillols lectors; hem tingut un concert d&#8217;ukeleles i l&#8217;esperat moment dels acudits. La veritat \u00e9s que podem dir que s\u00f3n uns veritables humoristes.<\/p>\n<p>Moltes gr\u00e0cies a tot l&#8217;alumnat per aquest curs 2023-2024, a descansar, jugar i gaudir en fam\u00edlia i amics i a carregar piles pel nou curs que ens espera a partir del 9 de setembre!<\/p>\n<p>Podeu veure les fotos aqu\u00ed:\u00a0<a href=\"https:\/\/photos.app.goo.gl\/PHccsXxRKCnPw5Lg9\">https:\/\/photos.app.goo.gl\/PHccsXxRKCnPw5Lg9<\/a><\/p>\n","protected":false},"excerpt":{"rendered":"<p><a href=\"https:\/\/agora.xtec.cat\/escguillemisarn\/wp-content\/uploads\/usu1631\/2024\/06\/final-de-curs-1.png\"><\/a>Els infants de l&#8217;escola ha viscut un dia ple d&#8217;emocions, acomiadaments i records. L&#8217;\u00faltim dia de curs sempre \u00e9s especial. Probablement sigui un dels dies m\u00e9s esperats per a tota la mainada per\u00f2, no ens enganyem, de seguida tornen a tenir ganes de que&hellip;  <a href=\"https:\/\/agora.xtec.cat\/escguillemisarn\/general\/ultim-dia-de-curs-un-moment-emocionant\/\" title=\"Read \u00daltim dia de curs, un moment emocionant!\">Llegeix m\u00e9s\u00bb<\/a><\/p>\n","protected":false},"author":1,"featured_media":0,"comment_status":"open","ping_status":"closed","sticky":false,"template":"","format":"standard","meta":{"_bbp_topic_count":0,"_bbp_reply_count":0,"_bbp_total_topic_count":0,"_bbp_total_reply_count":0,"_bbp_voice_count":0,"_bbp_anonymous_reply_count":0,"_bbp_topic_count_hidden":0,"_bbp_reply_count_hidden":0,"_bbp_forum_subforum_count":0,"footnotes":""},"categories":[71,72,73,1,2,4,5],"tags":[],"class_list":["post-3502","post","type-post","status-publish","format-standard","hentry","category-ci","category-cm","category-cs","category-general","category-infantil","category-portada","category-primaria"],"post_mailing_queue_ids":[],"_links":{"self":[{"href":"https:\/\/agora.xtec.cat\/escguillemisarn\/wp-json\/wp\/v2\/posts\/3502","targetHints":{"allow":["GET"]}}],"collection":[{"href":"https:\/\/agora.xtec.cat\/escguillemisarn\/wp-json\/wp\/v2\/posts"}],"about":[{"href":"https:\/\/agora.xtec.cat\/escguillemisarn\/wp-json\/wp\/v2\/types\/post"}],"author":[{"embeddable":true,"href":"https:\/\/agora.xtec.cat\/escguillemisarn\/wp-json\/wp\/v2\/users\/1"}],"replies":[{"embeddable":true,"href":"https:\/\/agora.xtec.cat\/escguillemisarn\/wp-json\/wp\/v2\/comments?post=3502"}],"version-history":[{"count":1,"href":"https:\/\/agora.xtec.cat\/escguillemisarn\/wp-json\/wp\/v2\/posts\/3502\/revisions"}],"predecessor-version":[{"id":3504,"href":"https:\/\/agora.xtec.cat\/escguillemisarn\/wp-json\/wp\/v2\/posts\/3502\/revisions\/3504"}],"wp:attachment":[{"href":"https:\/\/agora.xtec.cat\/escguillemisarn\/wp-json\/wp\/v2\/media?parent=3502"}],"wp:term":[{"taxonomy":"category","embeddable":true,"href":"https:\/\/agora.xtec.cat\/escguillemisarn\/wp-json\/wp\/v2\/categories?post=3502"},{"taxonomy":"post_tag","embeddable":true,"href":"https:\/\/agora.xtec.cat\/escguillemisarn\/wp-json\/wp\/v2\/tags?post=3502"}],"curies":[{"name":"wp","href":"https:\/\/api.w.org\/{rel}","templated":true}]}}