{"id":3499,"date":"2024-06-20T11:58:09","date_gmt":"2024-06-20T09:58:09","guid":{"rendered":"https:\/\/agora.xtec.cat\/escguillemisarn\/?p=3499"},"modified":"2024-06-20T11:58:09","modified_gmt":"2024-06-20T09:58:09","slug":"el-raco-del-protagonista-2","status":"publish","type":"post","link":"https:\/\/agora.xtec.cat\/escguillemisarn\/general\/el-raco-del-protagonista-2\/","title":{"rendered":"El rac\u00f3 del protagonista!"},"content":{"rendered":"<p>Avui l\u2019alumnat de 6\u00e8 ha dut a terme les exposicions orals referents al <strong>Projecte del Rac\u00f3 del Protagonista<\/strong>, treballat a l\u2019\u00e0rea de llengua catalana amb la finalitat d\u2019agafar flu\u00efdesa a l\u2019hora de la preparaci\u00f3 i exposici\u00f3 oral.<\/p>\n<p><img loading=\"lazy\" decoding=\"async\" class=\"alignleft\" src=\"https:\/\/impulso06.com\/wp-content\/uploads\/2023\/11\/Guia-para-hacer-presentaciones-profesionales-con-Google-Slides.png\" alt=\"Gu\u00eda para hacer presentaciones profesionales con Google Slides\" width=\"212\" height=\"141\" \/><\/p>\n<p>Cada alumne\/a ha parlat sobre una afici\u00f3 o sobre la seva cultura a trav\u00e9s d&#8217;una presentaci\u00f3 virtual que han preparat ells mateixos. Totes aquestes exposicions les hem compartit juntament amb l&#8217;alumnat de 5\u00e8 els quals l&#8217;any que ve tamb\u00e9 ens impressionaran amb les seves aficions.<\/p>\n<p>&nbsp;<\/p>\n<p>Aqu\u00ed en teniu les fotografies:<\/p>\n<p><a href=\"https:\/\/photos.app.goo.gl\/hZ67nZxMRLJ3u6R1A\">https:\/\/photos.app.goo.gl\/hZ67nZxMRLJ3u6R1A<\/a><\/p>\n","protected":false},"excerpt":{"rendered":"<p>Avui l\u2019alumnat de 6\u00e8 ha dut a terme les exposicions orals referents al Projecte del Rac\u00f3 del Protagonista, treballat a l\u2019\u00e0rea de llengua catalana amb la finalitat d\u2019agafar flu\u00efdesa a l\u2019hora de la preparaci\u00f3 i exposici\u00f3 oral.<\/p>\n<p>Cada alumne\/a ha parlat sobre una afici\u00f3 o sobre&hellip;  <a href=\"https:\/\/agora.xtec.cat\/escguillemisarn\/general\/el-raco-del-protagonista-2\/\" title=\"Read El rac\u00f3 del protagonista!\">Llegeix m\u00e9s\u00bb<\/a><\/p>\n","protected":false},"author":36,"featured_media":0,"comment_status":"open","ping_status":"closed","sticky":false,"template":"","format":"standard","meta":{"_bbp_topic_count":0,"_bbp_reply_count":0,"_bbp_total_topic_count":0,"_bbp_total_reply_count":0,"_bbp_voice_count":0,"_bbp_anonymous_reply_count":0,"_bbp_topic_count_hidden":0,"_bbp_reply_count_hidden":0,"_bbp_forum_subforum_count":0,"footnotes":""},"categories":[1],"tags":[],"class_list":["post-3499","post","type-post","status-publish","format-standard","hentry","category-general"],"post_mailing_queue_ids":[],"_links":{"self":[{"href":"https:\/\/agora.xtec.cat\/escguillemisarn\/wp-json\/wp\/v2\/posts\/3499","targetHints":{"allow":["GET"]}}],"collection":[{"href":"https:\/\/agora.xtec.cat\/escguillemisarn\/wp-json\/wp\/v2\/posts"}],"about":[{"href":"https:\/\/agora.xtec.cat\/escguillemisarn\/wp-json\/wp\/v2\/types\/post"}],"author":[{"embeddable":true,"href":"https:\/\/agora.xtec.cat\/escguillemisarn\/wp-json\/wp\/v2\/users\/36"}],"replies":[{"embeddable":true,"href":"https:\/\/agora.xtec.cat\/escguillemisarn\/wp-json\/wp\/v2\/comments?post=3499"}],"version-history":[{"count":2,"href":"https:\/\/agora.xtec.cat\/escguillemisarn\/wp-json\/wp\/v2\/posts\/3499\/revisions"}],"predecessor-version":[{"id":3501,"href":"https:\/\/agora.xtec.cat\/escguillemisarn\/wp-json\/wp\/v2\/posts\/3499\/revisions\/3501"}],"wp:attachment":[{"href":"https:\/\/agora.xtec.cat\/escguillemisarn\/wp-json\/wp\/v2\/media?parent=3499"}],"wp:term":[{"taxonomy":"category","embeddable":true,"href":"https:\/\/agora.xtec.cat\/escguillemisarn\/wp-json\/wp\/v2\/categories?post=3499"},{"taxonomy":"post_tag","embeddable":true,"href":"https:\/\/agora.xtec.cat\/escguillemisarn\/wp-json\/wp\/v2\/tags?post=3499"}],"curies":[{"name":"wp","href":"https:\/\/api.w.org\/{rel}","templated":true}]}}