{"id":3489,"date":"2024-06-20T10:45:04","date_gmt":"2024-06-20T08:45:04","guid":{"rendered":"https:\/\/agora.xtec.cat\/escguillemisarn\/?p=3489"},"modified":"2024-06-20T10:46:14","modified_gmt":"2024-06-20T08:46:14","slug":"orles-a-infantil-curs-2023-2024","status":"publish","type":"post","link":"https:\/\/agora.xtec.cat\/escguillemisarn\/general\/orles-a-infantil-curs-2023-2024\/","title":{"rendered":"ORLES A INFANTIL CURS 2023-2024"},"content":{"rendered":"<p>Ja queda poc per al final de curs i volem fer mem\u00f2ria dels bons moments que hem compartit al llarg del curs i endur-nos un petit record. Per aix\u00f2, aquest mat\u00ed hem fet l\u2019entrega d\u2019orles als nens i nenes d\u2019educaci\u00f3 infantil (I3, I4, I5). Esperem que hagueu gaudit molt de totes les activitats que hem fet tant a dins com a fora de l\u2019escola al llarg del curs. L\u2019equip de mestres d&#8217;educaci\u00f3 infantil les hem preparat amb molta il\u00b7lusi\u00f3 i les hem gaudit molt.<\/p>\n<p>Bones vacances a tothom!!<\/p>\n<p>Aqu\u00ed teniu l&#8217;enlla\u00e7 de les fotos de la jornada de les orles a infantil. <a href=\"https:\/\/photos.app.goo.gl\/UcSoFZ6bDiVTTmeM6\">https:\/\/photos.app.goo.gl\/UcSoFZ6bDiVTTmeM6<\/a><a href=\"https:\/\/agora.xtec.cat\/escguillemisarn\/wp-content\/uploads\/usu1631\/2024\/06\/graduacion_ninos_toga_birrete.jpg\"><br \/>\n<img loading=\"lazy\" decoding=\"async\" class=\"aligncenter size-thumbnail wp-image-3493\" src=\"https:\/\/agora.xtec.cat\/escguillemisarn\/wp-content\/uploads\/usu1631\/2024\/06\/graduacion_ninos_toga_birrete-150x150.jpg\" alt=\"\" width=\"150\" height=\"150\" srcset=\"https:\/\/agora.xtec.cat\/escguillemisarn\/wp-content\/uploads\/usu1631\/2024\/06\/graduacion_ninos_toga_birrete-150x150.jpg 150w, https:\/\/agora.xtec.cat\/escguillemisarn\/wp-content\/uploads\/usu1631\/2024\/06\/graduacion_ninos_toga_birrete-298x300.jpg 298w, https:\/\/agora.xtec.cat\/escguillemisarn\/wp-content\/uploads\/usu1631\/2024\/06\/graduacion_ninos_toga_birrete.jpg 608w\" sizes=\"auto, (max-width: 150px) 100vw, 150px\" \/><\/a><\/p>\n","protected":false},"excerpt":{"rendered":"<p>Ja queda poc per al final de curs i volem fer mem\u00f2ria dels bons moments que hem compartit al llarg del curs i endur-nos un petit record. Per aix\u00f2, aquest mat\u00ed hem fet l\u2019entrega d\u2019orles als nens i nenes d\u2019educaci\u00f3 infantil (I3, I4, I5). Esperem&hellip;  <a href=\"https:\/\/agora.xtec.cat\/escguillemisarn\/general\/orles-a-infantil-curs-2023-2024\/\" title=\"Read ORLES A INFANTIL CURS 2023-2024\">Llegeix m\u00e9s\u00bb<\/a><\/p>\n","protected":false},"author":20,"featured_media":0,"comment_status":"open","ping_status":"closed","sticky":false,"template":"","format":"standard","meta":{"_bbp_topic_count":0,"_bbp_reply_count":0,"_bbp_total_topic_count":0,"_bbp_total_reply_count":0,"_bbp_voice_count":0,"_bbp_anonymous_reply_count":0,"_bbp_topic_count_hidden":0,"_bbp_reply_count_hidden":0,"_bbp_forum_subforum_count":0,"footnotes":""},"categories":[1,2,4],"tags":[],"class_list":["post-3489","post","type-post","status-publish","format-standard","hentry","category-general","category-infantil","category-portada"],"post_mailing_queue_ids":[],"_links":{"self":[{"href":"https:\/\/agora.xtec.cat\/escguillemisarn\/wp-json\/wp\/v2\/posts\/3489","targetHints":{"allow":["GET"]}}],"collection":[{"href":"https:\/\/agora.xtec.cat\/escguillemisarn\/wp-json\/wp\/v2\/posts"}],"about":[{"href":"https:\/\/agora.xtec.cat\/escguillemisarn\/wp-json\/wp\/v2\/types\/post"}],"author":[{"embeddable":true,"href":"https:\/\/agora.xtec.cat\/escguillemisarn\/wp-json\/wp\/v2\/users\/20"}],"replies":[{"embeddable":true,"href":"https:\/\/agora.xtec.cat\/escguillemisarn\/wp-json\/wp\/v2\/comments?post=3489"}],"version-history":[{"count":4,"href":"https:\/\/agora.xtec.cat\/escguillemisarn\/wp-json\/wp\/v2\/posts\/3489\/revisions"}],"predecessor-version":[{"id":3497,"href":"https:\/\/agora.xtec.cat\/escguillemisarn\/wp-json\/wp\/v2\/posts\/3489\/revisions\/3497"}],"wp:attachment":[{"href":"https:\/\/agora.xtec.cat\/escguillemisarn\/wp-json\/wp\/v2\/media?parent=3489"}],"wp:term":[{"taxonomy":"category","embeddable":true,"href":"https:\/\/agora.xtec.cat\/escguillemisarn\/wp-json\/wp\/v2\/categories?post=3489"},{"taxonomy":"post_tag","embeddable":true,"href":"https:\/\/agora.xtec.cat\/escguillemisarn\/wp-json\/wp\/v2\/tags?post=3489"}],"curies":[{"name":"wp","href":"https:\/\/api.w.org\/{rel}","templated":true}]}}