{"id":3464,"date":"2024-06-14T21:13:27","date_gmt":"2024-06-14T19:13:27","guid":{"rendered":"https:\/\/agora.xtec.cat\/escguillemisarn\/?p=3464"},"modified":"2024-09-09T09:43:17","modified_gmt":"2024-09-09T07:43:17","slug":"o-r-l-e-s-2015-2024","status":"publish","type":"post","link":"https:\/\/agora.xtec.cat\/escguillemisarn\/general\/o-r-l-e-s-2015-2024\/","title":{"rendered":"O R L E S  2015 &#8211; 2024"},"content":{"rendered":"<p><a href=\"https:\/\/agora.xtec.cat\/escguillemisarn\/wp-content\/uploads\/usu1631\/2024\/06\/1718369171806.jpg\"><img loading=\"lazy\" decoding=\"async\" class=\"wp-image-3465 alignleft\" src=\"https:\/\/agora.xtec.cat\/escguillemisarn\/wp-content\/uploads\/usu1631\/2024\/06\/1718369171806.jpg\" alt=\"\" width=\"421\" height=\"316\" srcset=\"https:\/\/agora.xtec.cat\/escguillemisarn\/wp-content\/uploads\/usu1631\/2024\/06\/1718369171806.jpg 1024w, https:\/\/agora.xtec.cat\/escguillemisarn\/wp-content\/uploads\/usu1631\/2024\/06\/1718369171806-300x225.jpg 300w, https:\/\/agora.xtec.cat\/escguillemisarn\/wp-content\/uploads\/usu1631\/2024\/06\/1718369171806-768x576.jpg 768w, https:\/\/agora.xtec.cat\/escguillemisarn\/wp-content\/uploads\/usu1631\/2024\/06\/1718369171806-200x150.jpg 200w\" sizes=\"auto, (max-width: 421px) 100vw, 421px\" \/><\/a>L&#8217;alumnat de 6\u00e8 ha finalitzat una etapa educativa a l&#8217;escola i aix\u00f2 \u00e9s mereixedor de tots els honors. Per aquest motiu avui ha tingut lloc la celebraci\u00f3 de la festa de les Orles de la promoci\u00f3 2015 &#8211; 2024. Una festa que ha comptat amb la pres\u00e8ncia del claustre de professors\/es, de les fam\u00edlies i dels protagonistes.<\/p>\n<p>L&#8217;acte ha comen\u00e7at amb la benvinguda del director, ha continuat amb el parlament de la tutora de 6\u00e8, s&#8217;ha procedit a la lectura del &#8220;Missatge trobat a Melbourne&#8221;, seguidament s&#8217;ha donat pas a la interpretaci\u00f3 de la can\u00e7\u00f3 de comiat cantada pels mateixos alumnes, posteriorment el moment m\u00e9s \u00e0lgid de la vesprada l&#8217;entrega de les orles, la festa ha continuat amb el visionat del v\u00eddeo resum dels nou anys d&#8217;escolaritzaci\u00f3, hem seguit amb els parlaments per part de representants de l&#8217;Ajuntament, l&#8217;AFA i de les fam\u00edlies de 6\u00e8 i, finalment, amb la cloenda.<\/p>\n<p>Una vesprada magn\u00edfica on s&#8217;ha posat en valor l&#8217;esfor\u00e7 d&#8217;aquests alumnes que acaben una etapa per iniciar-ne una altra amb il\u00b7lusi\u00f3 i motivaci\u00f3.<\/p>\n<p>Si voleu veure&#8217;n algunes fotos, aqu\u00ed us les deixem:\u00a0<a href=\"https:\/\/photos.app.goo.gl\/sWrreWUsUiPDiMMa8\">https:\/\/photos.app.goo.gl\/sWrreWUsUiPDiMMa8<\/a><\/p>\n","protected":false},"excerpt":{"rendered":"<p><a href=\"https:\/\/agora.xtec.cat\/escguillemisarn\/wp-content\/uploads\/usu1631\/2024\/06\/1718369171806.jpg\"><\/a>L&#8217;alumnat de 6\u00e8 ha finalitzat una etapa educativa a l&#8217;escola i aix\u00f2 \u00e9s mereixedor de tots els honors. Per aquest motiu avui ha tingut lloc la celebraci\u00f3 de la festa de les Orles de la promoci\u00f3 2015 &#8211; 2024. Una festa que ha comptat&hellip;  <a href=\"https:\/\/agora.xtec.cat\/escguillemisarn\/general\/o-r-l-e-s-2015-2024\/\" title=\"Read O R L E S  2015 &#8211; 2024\">Llegeix m\u00e9s\u00bb<\/a><\/p>\n","protected":false},"author":1,"featured_media":0,"comment_status":"open","ping_status":"closed","sticky":false,"template":"","format":"standard","meta":{"_bbp_topic_count":0,"_bbp_reply_count":0,"_bbp_total_topic_count":0,"_bbp_total_reply_count":0,"_bbp_voice_count":0,"_bbp_anonymous_reply_count":0,"_bbp_topic_count_hidden":0,"_bbp_reply_count_hidden":0,"_bbp_forum_subforum_count":0,"footnotes":""},"categories":[73,1,4,5],"tags":[],"class_list":["post-3464","post","type-post","status-publish","format-standard","hentry","category-cs","category-general","category-portada","category-primaria"],"post_mailing_queue_ids":[],"_links":{"self":[{"href":"https:\/\/agora.xtec.cat\/escguillemisarn\/wp-json\/wp\/v2\/posts\/3464","targetHints":{"allow":["GET"]}}],"collection":[{"href":"https:\/\/agora.xtec.cat\/escguillemisarn\/wp-json\/wp\/v2\/posts"}],"about":[{"href":"https:\/\/agora.xtec.cat\/escguillemisarn\/wp-json\/wp\/v2\/types\/post"}],"author":[{"embeddable":true,"href":"https:\/\/agora.xtec.cat\/escguillemisarn\/wp-json\/wp\/v2\/users\/1"}],"replies":[{"embeddable":true,"href":"https:\/\/agora.xtec.cat\/escguillemisarn\/wp-json\/wp\/v2\/comments?post=3464"}],"version-history":[{"count":2,"href":"https:\/\/agora.xtec.cat\/escguillemisarn\/wp-json\/wp\/v2\/posts\/3464\/revisions"}],"predecessor-version":[{"id":3467,"href":"https:\/\/agora.xtec.cat\/escguillemisarn\/wp-json\/wp\/v2\/posts\/3464\/revisions\/3467"}],"wp:attachment":[{"href":"https:\/\/agora.xtec.cat\/escguillemisarn\/wp-json\/wp\/v2\/media?parent=3464"}],"wp:term":[{"taxonomy":"category","embeddable":true,"href":"https:\/\/agora.xtec.cat\/escguillemisarn\/wp-json\/wp\/v2\/categories?post=3464"},{"taxonomy":"post_tag","embeddable":true,"href":"https:\/\/agora.xtec.cat\/escguillemisarn\/wp-json\/wp\/v2\/tags?post=3464"}],"curies":[{"name":"wp","href":"https:\/\/api.w.org\/{rel}","templated":true}]}}