{"id":3452,"date":"2024-06-13T13:27:52","date_gmt":"2024-06-13T11:27:52","guid":{"rendered":"https:\/\/agora.xtec.cat\/escguillemisarn\/?p=3452"},"modified":"2024-06-13T13:30:41","modified_gmt":"2024-06-13T11:30:41","slug":"torna-la-mostra-de-musica","status":"publish","type":"post","link":"https:\/\/agora.xtec.cat\/escguillemisarn\/portada\/torna-la-mostra-de-musica\/","title":{"rendered":"Torna la mostra de m\u00fasica!"},"content":{"rendered":"<p>Avui, l\u2019alumnat de <strong>5\u00e8 i 6\u00e8 hem participat <span class=\"hiddenGrammarError\">a la<\/span> XXIII Mostra de M\u00fasica de l\u2019Urgell<\/strong>. Hem compartit un mat\u00ed de m\u00fasica a l\u2019Ateneu de T\u00e0rrega amb les altres escoles de la comarca i ens ha agradat molt perqu\u00e8 hem pogut veure unes actuacions musicals molt variades.<\/p>\n<p><img loading=\"lazy\" decoding=\"async\" class=\"aligncenter\" src=\"https:\/\/www.apropacultura.org\/sites\/default\/files\/styles\/header_780w\/public\/equipment\/teatre_ateneu_tarrega.jpg?itok=b1LNezQL\" alt=\"Teatre Ateneu | Apropa Cultura\" width=\"265\" height=\"160\" \/><\/p>\n<p>L\u2019actuaci\u00f3 que hem fet nosaltres ha sigut tot<strong> un \u00e8xit!!!<\/strong> Hem interpretat uns fragments d&#8217;aquestes can\u00e7ons: <em>Stand By Me (Ben E. King), Let It Be (The Beatles), Volando voy (Camar\u00f3n) i La Bamba (Ritchie Valens).<\/em> Aprofitant que aquest curs hem comen\u00e7at a tocar l&#8217;<strong>ukelele<\/strong>, hem fet una interpretaci\u00f3 amb ells! Per\u00f2 a m\u00e9s a m\u00e9s, tamb\u00e9 hem cantat i hem fet percussi\u00f3 corporal! Estem molt satisfets i satisfetes de tot plegat perqu\u00e8 ens hem esfor\u00e7at i hem treballat molt!<\/p>\n<p>Ens ho hem passat genial! Segur que l\u2019any que ve tornem!!!<\/p>\n<p>Podeu veure les fotos clicant a l\u2019enlla\u00e7 &#8211;&gt;\u00a0<a href=\"https:\/\/photos.app.goo.gl\/3XKKyd58RE45FbS57\">https:\/\/photos.app.goo.gl\/3XKKyd58RE45FbS57<\/a><\/p>\n","protected":false},"excerpt":{"rendered":"<p>Avui, l\u2019alumnat de 5\u00e8 i 6\u00e8 hem participat a la XXIII Mostra de M\u00fasica de l\u2019Urgell. Hem compartit un mat\u00ed de m\u00fasica a l\u2019Ateneu de T\u00e0rrega amb les altres escoles de la comarca i ens ha agradat molt perqu\u00e8 hem pogut veure unes actuacions musicals&hellip;  <a href=\"https:\/\/agora.xtec.cat\/escguillemisarn\/portada\/torna-la-mostra-de-musica\/\" title=\"Read Torna la mostra de m\u00fasica!\">Llegeix m\u00e9s\u00bb<\/a><\/p>\n","protected":false},"author":36,"featured_media":0,"comment_status":"open","ping_status":"closed","sticky":false,"template":"","format":"standard","meta":{"_bbp_topic_count":0,"_bbp_reply_count":0,"_bbp_total_topic_count":0,"_bbp_total_reply_count":0,"_bbp_voice_count":0,"_bbp_anonymous_reply_count":0,"_bbp_topic_count_hidden":0,"_bbp_reply_count_hidden":0,"_bbp_forum_subforum_count":0,"footnotes":""},"categories":[73,4,5],"tags":[],"class_list":["post-3452","post","type-post","status-publish","format-standard","hentry","category-cs","category-portada","category-primaria"],"post_mailing_queue_ids":[],"_links":{"self":[{"href":"https:\/\/agora.xtec.cat\/escguillemisarn\/wp-json\/wp\/v2\/posts\/3452","targetHints":{"allow":["GET"]}}],"collection":[{"href":"https:\/\/agora.xtec.cat\/escguillemisarn\/wp-json\/wp\/v2\/posts"}],"about":[{"href":"https:\/\/agora.xtec.cat\/escguillemisarn\/wp-json\/wp\/v2\/types\/post"}],"author":[{"embeddable":true,"href":"https:\/\/agora.xtec.cat\/escguillemisarn\/wp-json\/wp\/v2\/users\/36"}],"replies":[{"embeddable":true,"href":"https:\/\/agora.xtec.cat\/escguillemisarn\/wp-json\/wp\/v2\/comments?post=3452"}],"version-history":[{"count":4,"href":"https:\/\/agora.xtec.cat\/escguillemisarn\/wp-json\/wp\/v2\/posts\/3452\/revisions"}],"predecessor-version":[{"id":3463,"href":"https:\/\/agora.xtec.cat\/escguillemisarn\/wp-json\/wp\/v2\/posts\/3452\/revisions\/3463"}],"wp:attachment":[{"href":"https:\/\/agora.xtec.cat\/escguillemisarn\/wp-json\/wp\/v2\/media?parent=3452"}],"wp:term":[{"taxonomy":"category","embeddable":true,"href":"https:\/\/agora.xtec.cat\/escguillemisarn\/wp-json\/wp\/v2\/categories?post=3452"},{"taxonomy":"post_tag","embeddable":true,"href":"https:\/\/agora.xtec.cat\/escguillemisarn\/wp-json\/wp\/v2\/tags?post=3452"}],"curies":[{"name":"wp","href":"https:\/\/api.w.org\/{rel}","templated":true}]}}