{"id":3426,"date":"2024-05-28T15:42:00","date_gmt":"2024-05-28T13:42:00","guid":{"rendered":"https:\/\/agora.xtec.cat\/escguillemisarn\/?p=3426"},"modified":"2024-05-28T15:42:54","modified_gmt":"2024-05-28T13:42:54","slug":"jornada-referents-positius-del-poble-gitano","status":"publish","type":"post","link":"https:\/\/agora.xtec.cat\/escguillemisarn\/general\/jornada-referents-positius-del-poble-gitano\/","title":{"rendered":"Jornada Referents positius del poble Gitano"},"content":{"rendered":"<p>Ahir a la tarda vam tenir l&#8217;oportunitat de gaudir de la pres\u00e8ncia de dues noies estudiants d&#8217;\u00e8tnia gitana, la Siomara i la Josefa, les quals estan finalitzant el batxillerat i al setembre cursaran estudis superiors.<\/p>\n<p>Aquestes noies van explicar a l&#8217;alumnat de cicle mitj\u00e0 i superior la seva hist\u00f2ria i com han anat trencant prejudicis establerts en un m\u00f3n on no els hi ha estat f\u00e0cil seguir els seus somnis.<\/p>\n<p>Volem agrair des d&#8217;aqu\u00ed a l&#8217;Arturo, Promotor Gitano, per haver organitzat aquesta jornada i sobretot a la Siomara i a la Josefa per ser tant valentes!!!<\/p>\n<p>&nbsp;<\/p>\n<p data-wp-editing=\"1\"><a href=\"https:\/\/agora.xtec.cat\/escguillemisarn\/wp-content\/uploads\/usu1631\/2024\/05\/WhatsApp-Image-2024-05-28-at-15.31.58-2.jpeg\"><img loading=\"lazy\" decoding=\"async\" class=\"wp-image-3428 size-thumbnail alignright\" src=\"https:\/\/agora.xtec.cat\/escguillemisarn\/wp-content\/uploads\/usu1631\/2024\/05\/WhatsApp-Image-2024-05-28-at-15.31.58-2-150x150.jpeg\" alt=\"\" width=\"150\" height=\"150\" \/><\/a> <a href=\"https:\/\/agora.xtec.cat\/escguillemisarn\/wp-content\/uploads\/usu1631\/2024\/05\/WhatsApp-Image-2024-05-28-at-15.31.58.jpeg\"><img loading=\"lazy\" decoding=\"async\" class=\"alignright wp-image-3430 size-thumbnail\" src=\"https:\/\/agora.xtec.cat\/escguillemisarn\/wp-content\/uploads\/usu1631\/2024\/05\/WhatsApp-Image-2024-05-28-at-15.31.58-150x150.jpeg\" alt=\"\" width=\"150\" height=\"150\" \/><\/a> <a href=\"https:\/\/agora.xtec.cat\/escguillemisarn\/wp-content\/uploads\/usu1631\/2024\/05\/WhatsApp-Image-2024-05-28-at-15.31.58-1.jpeg\"><img loading=\"lazy\" decoding=\"async\" class=\"alignleft wp-image-3429 size-thumbnail\" src=\"https:\/\/agora.xtec.cat\/escguillemisarn\/wp-content\/uploads\/usu1631\/2024\/05\/WhatsApp-Image-2024-05-28-at-15.31.58-1-150x150.jpeg\" alt=\"\" width=\"150\" height=\"150\" \/><\/a> <a href=\"https:\/\/agora.xtec.cat\/escguillemisarn\/wp-content\/uploads\/usu1631\/2024\/05\/WhatsApp-Image-2024-05-28-at-15.31.59.jpeg\"><img loading=\"lazy\" decoding=\"async\" class=\"alignnone size-thumbnail wp-image-3427\" src=\"https:\/\/agora.xtec.cat\/escguillemisarn\/wp-content\/uploads\/usu1631\/2024\/05\/WhatsApp-Image-2024-05-28-at-15.31.59-150x150.jpeg\" alt=\"\" width=\"150\" height=\"150\" \/><\/a><\/p>\n","protected":false},"excerpt":{"rendered":"<p>Ahir a la tarda vam tenir l&#8217;oportunitat de gaudir de la pres\u00e8ncia de dues noies estudiants d&#8217;\u00e8tnia gitana, la Siomara i la Josefa, les quals estan finalitzant el batxillerat i al setembre cursaran estudis superiors.<br \/>\nAquestes noies van explicar a l&#8217;alumnat de cicle mitj\u00e0 i superior&hellip;  <a href=\"https:\/\/agora.xtec.cat\/escguillemisarn\/general\/jornada-referents-positius-del-poble-gitano\/\" title=\"Read Jornada Referents positius del poble Gitano\">Llegeix m\u00e9s\u00bb<\/a><\/p>\n","protected":false},"author":1,"featured_media":0,"comment_status":"open","ping_status":"closed","sticky":false,"template":"","format":"standard","meta":{"_bbp_topic_count":0,"_bbp_reply_count":0,"_bbp_total_topic_count":0,"_bbp_total_reply_count":0,"_bbp_voice_count":0,"_bbp_anonymous_reply_count":0,"_bbp_topic_count_hidden":0,"_bbp_reply_count_hidden":0,"_bbp_forum_subforum_count":0,"footnotes":""},"categories":[72,73,1],"tags":[],"class_list":["post-3426","post","type-post","status-publish","format-standard","hentry","category-cm","category-cs","category-general"],"post_mailing_queue_ids":[],"_links":{"self":[{"href":"https:\/\/agora.xtec.cat\/escguillemisarn\/wp-json\/wp\/v2\/posts\/3426","targetHints":{"allow":["GET"]}}],"collection":[{"href":"https:\/\/agora.xtec.cat\/escguillemisarn\/wp-json\/wp\/v2\/posts"}],"about":[{"href":"https:\/\/agora.xtec.cat\/escguillemisarn\/wp-json\/wp\/v2\/types\/post"}],"author":[{"embeddable":true,"href":"https:\/\/agora.xtec.cat\/escguillemisarn\/wp-json\/wp\/v2\/users\/1"}],"replies":[{"embeddable":true,"href":"https:\/\/agora.xtec.cat\/escguillemisarn\/wp-json\/wp\/v2\/comments?post=3426"}],"version-history":[{"count":1,"href":"https:\/\/agora.xtec.cat\/escguillemisarn\/wp-json\/wp\/v2\/posts\/3426\/revisions"}],"predecessor-version":[{"id":3431,"href":"https:\/\/agora.xtec.cat\/escguillemisarn\/wp-json\/wp\/v2\/posts\/3426\/revisions\/3431"}],"wp:attachment":[{"href":"https:\/\/agora.xtec.cat\/escguillemisarn\/wp-json\/wp\/v2\/media?parent=3426"}],"wp:term":[{"taxonomy":"category","embeddable":true,"href":"https:\/\/agora.xtec.cat\/escguillemisarn\/wp-json\/wp\/v2\/categories?post=3426"},{"taxonomy":"post_tag","embeddable":true,"href":"https:\/\/agora.xtec.cat\/escguillemisarn\/wp-json\/wp\/v2\/tags?post=3426"}],"curies":[{"name":"wp","href":"https:\/\/api.w.org\/{rel}","templated":true}]}}