{"id":3418,"date":"2024-05-15T23:14:33","date_gmt":"2024-05-15T21:14:33","guid":{"rendered":"https:\/\/agora.xtec.cat\/escguillemisarn\/?p=3418"},"modified":"2024-05-15T23:14:33","modified_gmt":"2024-05-15T21:14:33","slug":"tarda-de-ciencia-al-laboratori","status":"publish","type":"post","link":"https:\/\/agora.xtec.cat\/escguillemisarn\/general\/tarda-de-ciencia-al-laboratori\/","title":{"rendered":"TARDA DE CI\u00c8NCIA AL LABORATORI"},"content":{"rendered":"<p>Aquesta tarda, les nenes i els nens de 3r i 4t han viscut una tarda plena de ci\u00e8ncia amb dues activitats molt xules i interessa<img loading=\"lazy\" decoding=\"async\" class=\"attachment-266x266 size-266x266 alignleft\" src=\"https:\/\/agora.xtec.cat\/escguillemisarn\/wp-content\/uploads\/usu1631\/2024\/05\/66bfcf12-05c7-4e68-ae41-e0d521903fc8.jpg\" sizes=\"auto, (max-width: 266px) 100vw, 266px\" srcset=\"https:\/\/agora.xtec.cat\/escguillemisarn\/wp-content\/uploads\/usu1631\/2024\/05\/66bfcf12-05c7-4e68-ae41-e0d521903fc8.jpg 1600w, https:\/\/agora.xtec.cat\/escguillemisarn\/wp-content\/uploads\/usu1631\/2024\/05\/66bfcf12-05c7-4e68-ae41-e0d521903fc8-300x225.jpg 300w, https:\/\/agora.xtec.cat\/escguillemisarn\/wp-content\/uploads\/usu1631\/2024\/05\/66bfcf12-05c7-4e68-ae41-e0d521903fc8-1024x768.jpg 1024w, https:\/\/agora.xtec.cat\/escguillemisarn\/wp-content\/uploads\/usu1631\/2024\/05\/66bfcf12-05c7-4e68-ae41-e0d521903fc8-768x576.jpg 768w, https:\/\/agora.xtec.cat\/escguillemisarn\/wp-content\/uploads\/usu1631\/2024\/05\/66bfcf12-05c7-4e68-ae41-e0d521903fc8-1536x1152.jpg 1536w, https:\/\/agora.xtec.cat\/escguillemisarn\/wp-content\/uploads\/usu1631\/2024\/05\/66bfcf12-05c7-4e68-ae41-e0d521903fc8-200x150.jpg 200w\" alt=\"\" width=\"266\" height=\"200\" \/>nts: la construcci\u00f3 d&#8217;un term\u00f2metre casol\u00e0 i la DISSECCI\u00d3 D&#8217;UN PEIX!!!!<\/p>\n<p>Hem tingut la gran sort que, la Dav\u00ednia Morera, mare d&#8217;alumnes de l&#8217;escola, ha pogut passar la tarda amb nosaltres i ens ha ajudat en la dissecci\u00f3 d&#8217;una orada. Ens ha explicat curiositats que no coneix\u00edem!!<\/p>\n<p>Sabeu que els peixos nom\u00e9s tenen un rony\u00f3? Doncs s\u00ed,\u00a0 i hem pogut veure&#8217;l. Tamb\u00e9 hem vist altres \u00f2rgans com el cor, el fetge, la melsa, els intestins, l&#8217;est\u00f3mac, el cervell.. I les dents!!! Quines dents que tenen!!<\/p>\n<p>Sab\u00edeu qu\u00e8 \u00e9s la bufeta natat\u00f2ria? Doncs ara nosaltres tamb\u00e9 ho sabem. La Dav\u00ednia ens ha explicat com funciona, i quan s&#8217;infla, fa que el peix floti i pugi cap amunt; quan es desinfla, el peix va cap a baix.<\/p>\n<p>Ha estat molt curi\u00f3s poder observar organs que nosaltres tamb\u00e9 tenim, en un altre \u00e9sser viu.<\/p>\n<p>Volem agrair-li a la Dav\u00ednia que hagi acceptat venir a l\u2019escola i que ens hagi donat l\u2019oportunitat de poder fer aquesta pr\u00e0ctica i veure les parts d&#8217;un peix en directe . G R \u00c0 C I E S<\/p>\n<p>&nbsp;<\/p>\n<p>Feu clic <a href=\"https:\/\/photos.app.goo.gl\/va2NQPHNBur2hR6a9\">aqu\u00ed<\/a> per veure les fotos.<\/p>\n","protected":false},"excerpt":{"rendered":"<p>Aquesta tarda, les nenes i els nens de 3r i 4t han viscut una tarda plena de ci\u00e8ncia amb dues activitats molt xules i interessants: la construcci\u00f3 d&#8217;un term\u00f2metre casol\u00e0 i la DISSECCI\u00d3 D&#8217;UN PEIX!!!!<br \/>\nHem tingut la gran sort que, la Dav\u00ednia Morera, mare d&#8217;alumnes&hellip;  <a href=\"https:\/\/agora.xtec.cat\/escguillemisarn\/general\/tarda-de-ciencia-al-laboratori\/\" title=\"Read TARDA DE CI\u00c8NCIA AL LABORATORI\">Llegeix m\u00e9s\u00bb<\/a><\/p>\n","protected":false},"author":11,"featured_media":3420,"comment_status":"open","ping_status":"closed","sticky":false,"template":"","format":"standard","meta":{"_bbp_topic_count":0,"_bbp_reply_count":0,"_bbp_total_topic_count":0,"_bbp_total_reply_count":0,"_bbp_voice_count":0,"_bbp_anonymous_reply_count":0,"_bbp_topic_count_hidden":0,"_bbp_reply_count_hidden":0,"_bbp_forum_subforum_count":0,"footnotes":""},"categories":[1],"tags":[],"class_list":["post-3418","post","type-post","status-publish","format-standard","has-post-thumbnail","hentry","category-general"],"post_mailing_queue_ids":[],"_links":{"self":[{"href":"https:\/\/agora.xtec.cat\/escguillemisarn\/wp-json\/wp\/v2\/posts\/3418","targetHints":{"allow":["GET"]}}],"collection":[{"href":"https:\/\/agora.xtec.cat\/escguillemisarn\/wp-json\/wp\/v2\/posts"}],"about":[{"href":"https:\/\/agora.xtec.cat\/escguillemisarn\/wp-json\/wp\/v2\/types\/post"}],"author":[{"embeddable":true,"href":"https:\/\/agora.xtec.cat\/escguillemisarn\/wp-json\/wp\/v2\/users\/11"}],"replies":[{"embeddable":true,"href":"https:\/\/agora.xtec.cat\/escguillemisarn\/wp-json\/wp\/v2\/comments?post=3418"}],"version-history":[{"count":5,"href":"https:\/\/agora.xtec.cat\/escguillemisarn\/wp-json\/wp\/v2\/posts\/3418\/revisions"}],"predecessor-version":[{"id":3424,"href":"https:\/\/agora.xtec.cat\/escguillemisarn\/wp-json\/wp\/v2\/posts\/3418\/revisions\/3424"}],"wp:featuredmedia":[{"embeddable":true,"href":"https:\/\/agora.xtec.cat\/escguillemisarn\/wp-json\/wp\/v2\/media\/3420"}],"wp:attachment":[{"href":"https:\/\/agora.xtec.cat\/escguillemisarn\/wp-json\/wp\/v2\/media?parent=3418"}],"wp:term":[{"taxonomy":"category","embeddable":true,"href":"https:\/\/agora.xtec.cat\/escguillemisarn\/wp-json\/wp\/v2\/categories?post=3418"},{"taxonomy":"post_tag","embeddable":true,"href":"https:\/\/agora.xtec.cat\/escguillemisarn\/wp-json\/wp\/v2\/tags?post=3418"}],"curies":[{"name":"wp","href":"https:\/\/api.w.org\/{rel}","templated":true}]}}