{"id":3401,"date":"2024-05-10T19:24:06","date_gmt":"2024-05-10T17:24:06","guid":{"rendered":"https:\/\/agora.xtec.cat\/escguillemisarn\/?p=3401"},"modified":"2024-05-10T19:26:25","modified_gmt":"2024-05-10T17:26:25","slug":"sortida-a-mollerussa-linyola","status":"publish","type":"post","link":"https:\/\/agora.xtec.cat\/escguillemisarn\/general\/sortida-a-mollerussa-linyola\/","title":{"rendered":"SORTIDA A MOLLERUSSA-LINYOLA"},"content":{"rendered":"<p>Avui ed. infantil i cicle inicial han anat d&#8217;excursi\u00f3!!!<\/p>\n<p><img loading=\"lazy\" decoding=\"async\" class=\"wp-image-3402 alignright\" src=\"https:\/\/agora.xtec.cat\/escguillemisarn\/wp-content\/uploads\/usu1631\/2024\/05\/boo-1024x615.jpg\" alt=\"\" width=\"714\" height=\"429\" srcset=\"https:\/\/agora.xtec.cat\/escguillemisarn\/wp-content\/uploads\/usu1631\/2024\/05\/boo-1024x615.jpg 1024w, https:\/\/agora.xtec.cat\/escguillemisarn\/wp-content\/uploads\/usu1631\/2024\/05\/boo-300x180.jpg 300w, https:\/\/agora.xtec.cat\/escguillemisarn\/wp-content\/uploads\/usu1631\/2024\/05\/boo-768x461.jpg 768w, https:\/\/agora.xtec.cat\/escguillemisarn\/wp-content\/uploads\/usu1631\/2024\/05\/boo-1536x923.jpg 1536w, https:\/\/agora.xtec.cat\/escguillemisarn\/wp-content\/uploads\/usu1631\/2024\/05\/boo-2048x1230.jpg 2048w\" sizes=\"auto, (max-width: 714px) 100vw, 714px\" \/>Al mati, els nens i nenes d&#8217;I3, I4 i I5 han visitat la Casa Canal de Mollerussa on els han explicat la hist\u00f2ria del canal d&#8217;Urgell.<\/p>\n<p>Cicle inicial ha visitat el museu dels vestits de paper de Mollerussa, on on tots els nenes i nenes han pogut descobrir que amb el paper es poden fer m\u00e9s coses que escriure i dibuixar, es pot fer art transformat en moda. Els vestits de paper que hi ha exposats, s\u00f3n espectaculars: vestits d&#8217;\u00e8poca, de fantasia i d&#8217;actualitat! Despr\u00e9s de la visita, han pogut posar fil a l&#8217;agulla i ser modistes i sastres per un moment. Ho han fet molt b\u00e9, els ha quedat un moneder preci\u00f3s!!!!!!<\/p>\n<p>Durant la tarda, Ed. infantil i cicle inicial han anat a Linyola, al parc de les olors, on han descobert plantes arom\u00e0tiques i remeieres, han realitzat un recorregut sensorial descal\u00e7os, han preparat una bomba de llavors de camamilla i han acabat la jornada amb un &#8220;mojito&#8221; ben fresquet i natural.<\/p>\n<p>Aqu\u00ed podreu veure les fotos d&#8217;ed. infantil.<\/p>\n<p><a href=\"https:\/\/photos.app.goo.gl\/cioNQ7QY67qnLwFPA\">https:\/\/photos.app.goo.gl\/cioNQ7QY67qnLwFPA<\/a><\/p>\n<p>i les de cicle inicial.<\/p>\n<p><a href=\"https:\/\/photos.app.goo.gl\/RjxDX65at6piWkqC8\">https:\/\/photos.app.goo.gl\/RjxDX65at6piWkqC8<\/a><\/p>\n","protected":false},"excerpt":{"rendered":"<p>Avui ed. infantil i cicle inicial han anat d&#8217;excursi\u00f3!!!<br \/>\nAl mati, els nens i nenes d&#8217;I3, I4 i I5 han visitat la Casa Canal de Mollerussa on els han explicat la hist\u00f2ria del canal d&#8217;Urgell.<br \/>\nCicle inicial ha visitat el museu dels vestits de paper de Mollerussa,&hellip;  <a href=\"https:\/\/agora.xtec.cat\/escguillemisarn\/general\/sortida-a-mollerussa-linyola\/\" title=\"Read SORTIDA A MOLLERUSSA-LINYOLA\">Llegeix m\u00e9s\u00bb<\/a><\/p>\n","protected":false},"author":13,"featured_media":0,"comment_status":"open","ping_status":"closed","sticky":false,"template":"","format":"standard","meta":{"_bbp_topic_count":0,"_bbp_reply_count":0,"_bbp_total_topic_count":0,"_bbp_total_reply_count":0,"_bbp_voice_count":0,"_bbp_anonymous_reply_count":0,"_bbp_topic_count_hidden":0,"_bbp_reply_count_hidden":0,"_bbp_forum_subforum_count":0,"footnotes":""},"categories":[71,1,2,4,5],"tags":[],"class_list":["post-3401","post","type-post","status-publish","format-standard","hentry","category-ci","category-general","category-infantil","category-portada","category-primaria"],"post_mailing_queue_ids":[],"_links":{"self":[{"href":"https:\/\/agora.xtec.cat\/escguillemisarn\/wp-json\/wp\/v2\/posts\/3401","targetHints":{"allow":["GET"]}}],"collection":[{"href":"https:\/\/agora.xtec.cat\/escguillemisarn\/wp-json\/wp\/v2\/posts"}],"about":[{"href":"https:\/\/agora.xtec.cat\/escguillemisarn\/wp-json\/wp\/v2\/types\/post"}],"author":[{"embeddable":true,"href":"https:\/\/agora.xtec.cat\/escguillemisarn\/wp-json\/wp\/v2\/users\/13"}],"replies":[{"embeddable":true,"href":"https:\/\/agora.xtec.cat\/escguillemisarn\/wp-json\/wp\/v2\/comments?post=3401"}],"version-history":[{"count":4,"href":"https:\/\/agora.xtec.cat\/escguillemisarn\/wp-json\/wp\/v2\/posts\/3401\/revisions"}],"predecessor-version":[{"id":3406,"href":"https:\/\/agora.xtec.cat\/escguillemisarn\/wp-json\/wp\/v2\/posts\/3401\/revisions\/3406"}],"wp:attachment":[{"href":"https:\/\/agora.xtec.cat\/escguillemisarn\/wp-json\/wp\/v2\/media?parent=3401"}],"wp:term":[{"taxonomy":"category","embeddable":true,"href":"https:\/\/agora.xtec.cat\/escguillemisarn\/wp-json\/wp\/v2\/categories?post=3401"},{"taxonomy":"post_tag","embeddable":true,"href":"https:\/\/agora.xtec.cat\/escguillemisarn\/wp-json\/wp\/v2\/tags?post=3401"}],"curies":[{"name":"wp","href":"https:\/\/api.w.org\/{rel}","templated":true}]}}