{"id":3391,"date":"2024-05-04T07:59:53","date_gmt":"2024-05-04T05:59:53","guid":{"rendered":"https:\/\/agora.xtec.cat\/escguillemisarn\/?p=3391"},"modified":"2024-05-04T07:59:53","modified_gmt":"2024-05-04T05:59:53","slug":"visita-al-parc-de-transit","status":"publish","type":"post","link":"https:\/\/agora.xtec.cat\/escguillemisarn\/general\/visita-al-parc-de-transit\/","title":{"rendered":"VISITA AL PARC DE TR\u00c0NSIT"},"content":{"rendered":"<p>Aquest divendres 3 de maig, l&#8217;alumnat de 4t hem anat a Bellpuig, al Parc de Tr\u00e0nsit.<img loading=\"lazy\" decoding=\"async\" class=\"attachment-266x266 size-266x266 alignleft\" src=\"https:\/\/agora.xtec.cat\/escguillemisarn\/wp-content\/uploads\/usu1631\/2024\/05\/RECORREGUT.png\" sizes=\"auto, (max-width: 266px) 100vw, 266px\" srcset=\"https:\/\/agora.xtec.cat\/escguillemisarn\/wp-content\/uploads\/usu1631\/2024\/05\/RECORREGUT.png 713w, https:\/\/agora.xtec.cat\/escguillemisarn\/wp-content\/uploads\/usu1631\/2024\/05\/RECORREGUT-300x189.png 300w\" alt=\"\" width=\"266\" height=\"168\" \/><\/p>\n<p>Un cop all\u00ed,\u00a0 ens han explicat quins s\u00f3n els senyals de tr\u00e0nsit que hem de con\u00e8ixer i que hem de respectar quan anem pel nostre poble o d&#8217;altres i aix\u00ed, evitar accidents. Ens han dividit en dos grups,\u00a0 uns han fet de vianants i els altres de conductors. Despr\u00e9s hem canviat els rols.<\/p>\n<p>Ha estat molt divertit i ens hem adonat com n&#8217;\u00e9s d\u2019important respectar sempre els senyals de tr\u00e0nsit que ens trobem pel carrer.<\/p>\n<p>Podeu veure les nostres fotos <a href=\"https:\/\/photos.app.goo.gl\/UgrNc4HAX1RbU6287\">aqu\u00ed.<\/a><\/p>\n<p>&nbsp;<\/p>\n","protected":false},"excerpt":{"rendered":"<p>Aquest divendres 3 de maig, l&#8217;alumnat de 4t hem anat a Bellpuig, al Parc de Tr\u00e0nsit.<br \/>\nUn cop all\u00ed,\u00a0 ens han explicat quins s\u00f3n els senyals de tr\u00e0nsit que hem de con\u00e8ixer i que hem de respectar quan anem pel nostre poble o d&#8217;altres i aix\u00ed,&hellip;  <a href=\"https:\/\/agora.xtec.cat\/escguillemisarn\/general\/visita-al-parc-de-transit\/\" title=\"Read VISITA AL PARC DE TR\u00c0NSIT\">Llegeix m\u00e9s\u00bb<\/a><\/p>\n","protected":false},"author":11,"featured_media":3393,"comment_status":"open","ping_status":"closed","sticky":false,"template":"","format":"standard","meta":{"_bbp_topic_count":0,"_bbp_reply_count":0,"_bbp_total_topic_count":0,"_bbp_total_reply_count":0,"_bbp_voice_count":0,"_bbp_anonymous_reply_count":0,"_bbp_topic_count_hidden":0,"_bbp_reply_count_hidden":0,"_bbp_forum_subforum_count":0,"footnotes":""},"categories":[72,1,4,5],"tags":[],"class_list":["post-3391","post","type-post","status-publish","format-standard","has-post-thumbnail","hentry","category-cm","category-general","category-portada","category-primaria"],"post_mailing_queue_ids":[],"_links":{"self":[{"href":"https:\/\/agora.xtec.cat\/escguillemisarn\/wp-json\/wp\/v2\/posts\/3391","targetHints":{"allow":["GET"]}}],"collection":[{"href":"https:\/\/agora.xtec.cat\/escguillemisarn\/wp-json\/wp\/v2\/posts"}],"about":[{"href":"https:\/\/agora.xtec.cat\/escguillemisarn\/wp-json\/wp\/v2\/types\/post"}],"author":[{"embeddable":true,"href":"https:\/\/agora.xtec.cat\/escguillemisarn\/wp-json\/wp\/v2\/users\/11"}],"replies":[{"embeddable":true,"href":"https:\/\/agora.xtec.cat\/escguillemisarn\/wp-json\/wp\/v2\/comments?post=3391"}],"version-history":[{"count":2,"href":"https:\/\/agora.xtec.cat\/escguillemisarn\/wp-json\/wp\/v2\/posts\/3391\/revisions"}],"predecessor-version":[{"id":3394,"href":"https:\/\/agora.xtec.cat\/escguillemisarn\/wp-json\/wp\/v2\/posts\/3391\/revisions\/3394"}],"wp:featuredmedia":[{"embeddable":true,"href":"https:\/\/agora.xtec.cat\/escguillemisarn\/wp-json\/wp\/v2\/media\/3393"}],"wp:attachment":[{"href":"https:\/\/agora.xtec.cat\/escguillemisarn\/wp-json\/wp\/v2\/media?parent=3391"}],"wp:term":[{"taxonomy":"category","embeddable":true,"href":"https:\/\/agora.xtec.cat\/escguillemisarn\/wp-json\/wp\/v2\/categories?post=3391"},{"taxonomy":"post_tag","embeddable":true,"href":"https:\/\/agora.xtec.cat\/escguillemisarn\/wp-json\/wp\/v2\/tags?post=3391"}],"curies":[{"name":"wp","href":"https:\/\/api.w.org\/{rel}","templated":true}]}}