{"id":3379,"date":"2024-04-26T13:28:29","date_gmt":"2024-04-26T11:28:29","guid":{"rendered":"https:\/\/agora.xtec.cat\/escguillemisarn\/?p=3379"},"modified":"2024-05-03T12:28:52","modified_gmt":"2024-05-03T10:28:52","slug":"lets-clean-up","status":"publish","type":"post","link":"https:\/\/agora.xtec.cat\/escguillemisarn\/general\/lets-clean-up\/","title":{"rendered":"LET&#8217;S CLEAN UP 2024"},"content":{"rendered":"<p><a href=\"https:\/\/agora.xtec.cat\/escguillemisarn\/wp-content\/uploads\/usu1631\/2024\/04\/IMG_6524-300x132-2.jpeg\"><img loading=\"lazy\" decoding=\"async\" class=\"size-full wp-image-3389 aligncenter\" src=\"https:\/\/agora.xtec.cat\/escguillemisarn\/wp-content\/uploads\/usu1631\/2024\/04\/IMG_6524-300x132-2.jpeg\" alt=\"\" width=\"300\" height=\"132\" \/><\/a>Benvolgudes fam\u00edlies,<\/p>\n<p>Avui a l&#8217;escola, tot l&#8217;alumnat ha participat del <strong>&#8220;LET&#8217;S CLEAN UP&#8221;, <\/strong>\u00a0una acci\u00f3n com\u00fa a tot Europa per concienciar sobre la quantitat de residus que tirem de forma incontrolada a la natura. Des de l&#8217;escola intentem\u00a0 promoure accions de sensibilitzaci\u00f3 a trav\u00e9s de la recollida d&#8217;aquests\u00a0 residus que trobem al nostre entorn. Avui no ens hem mogut gaire lluny, hem anat al parc de davant l&#8217;escola, hem seguit tot el voral que envolta l&#8217;edifici i hem continuat una mica pel cam\u00ed\u00a0 de Bold\u00fa. Hem recollit 27,5 Kg de residus entre pl\u00e0stics, llaunes, cartrons i altres restes. \u00c9s molta quantitat i no \u00e9s per estar-ne orgull\u00f3s. Poc a poc hem d&#8217;anar posant el nostre granet de sorra per a cuidar el nostre planeta.<\/p>\n<p><a href=\"https:\/\/photos.app.goo.gl\/28zWbHM6fKxNgQVA8\">https:\/\/photos.app.goo.gl\/28zWbHM6fKxNgQVA8<\/a><\/p>\n<p>&nbsp;<\/p>\n","protected":false},"excerpt":{"rendered":"<p><a href=\"https:\/\/agora.xtec.cat\/escguillemisarn\/wp-content\/uploads\/usu1631\/2024\/04\/IMG_6524-300x132-2.jpeg\"><\/a>Benvolgudes fam\u00edlies,<br \/>\nAvui a l&#8217;escola, tot l&#8217;alumnat ha participat del &#8220;LET&#8217;S CLEAN UP&#8221;, \u00a0una acci\u00f3n com\u00fa a tot Europa per concienciar sobre la quantitat de residus que tirem de forma incontrolada a la natura. Des de l&#8217;escola intentem\u00a0 promoure accions de sensibilitzaci\u00f3 a trav\u00e9s de&hellip;  <a href=\"https:\/\/agora.xtec.cat\/escguillemisarn\/general\/lets-clean-up\/\" title=\"Read LET&#8217;S CLEAN UP 2024\">Llegeix m\u00e9s\u00bb<\/a><\/p>\n","protected":false},"author":11,"featured_media":0,"comment_status":"open","ping_status":"closed","sticky":false,"template":"","format":"standard","meta":{"_bbp_topic_count":0,"_bbp_reply_count":0,"_bbp_total_topic_count":0,"_bbp_total_reply_count":0,"_bbp_voice_count":0,"_bbp_anonymous_reply_count":0,"_bbp_topic_count_hidden":0,"_bbp_reply_count_hidden":0,"_bbp_forum_subforum_count":0,"footnotes":""},"categories":[71,72,73,77,1,2,4,5],"tags":[],"class_list":["post-3379","post","type-post","status-publish","format-standard","hentry","category-ci","category-cm","category-cs","category-escola-verda","category-general","category-infantil","category-portada","category-primaria"],"post_mailing_queue_ids":[],"_links":{"self":[{"href":"https:\/\/agora.xtec.cat\/escguillemisarn\/wp-json\/wp\/v2\/posts\/3379","targetHints":{"allow":["GET"]}}],"collection":[{"href":"https:\/\/agora.xtec.cat\/escguillemisarn\/wp-json\/wp\/v2\/posts"}],"about":[{"href":"https:\/\/agora.xtec.cat\/escguillemisarn\/wp-json\/wp\/v2\/types\/post"}],"author":[{"embeddable":true,"href":"https:\/\/agora.xtec.cat\/escguillemisarn\/wp-json\/wp\/v2\/users\/11"}],"replies":[{"embeddable":true,"href":"https:\/\/agora.xtec.cat\/escguillemisarn\/wp-json\/wp\/v2\/comments?post=3379"}],"version-history":[{"count":4,"href":"https:\/\/agora.xtec.cat\/escguillemisarn\/wp-json\/wp\/v2\/posts\/3379\/revisions"}],"predecessor-version":[{"id":3390,"href":"https:\/\/agora.xtec.cat\/escguillemisarn\/wp-json\/wp\/v2\/posts\/3379\/revisions\/3390"}],"wp:attachment":[{"href":"https:\/\/agora.xtec.cat\/escguillemisarn\/wp-json\/wp\/v2\/media?parent=3379"}],"wp:term":[{"taxonomy":"category","embeddable":true,"href":"https:\/\/agora.xtec.cat\/escguillemisarn\/wp-json\/wp\/v2\/categories?post=3379"},{"taxonomy":"post_tag","embeddable":true,"href":"https:\/\/agora.xtec.cat\/escguillemisarn\/wp-json\/wp\/v2\/tags?post=3379"}],"curies":[{"name":"wp","href":"https:\/\/api.w.org\/{rel}","templated":true}]}}