{"id":3372,"date":"2024-04-26T10:09:35","date_gmt":"2024-04-26T08:09:35","guid":{"rendered":"https:\/\/agora.xtec.cat\/escguillemisarn\/?p=3372"},"modified":"2024-04-26T10:09:35","modified_gmt":"2024-04-26T08:09:35","slug":"setmana-sense-soroll","status":"publish","type":"post","link":"https:\/\/agora.xtec.cat\/escguillemisarn\/general\/setmana-sense-soroll\/","title":{"rendered":"SETMANA SENSE SOROLL!!"},"content":{"rendered":"<p><img loading=\"lazy\" decoding=\"async\" class=\"wp-image-3373 alignleft\" src=\"https:\/\/agora.xtec.cat\/escguillemisarn\/wp-content\/uploads\/usu1631\/2024\/04\/4bde0a7c-8a16-49b4-b866-f52e0b820d2a.png\" alt=\"\" width=\"311\" height=\"233\" srcset=\"https:\/\/agora.xtec.cat\/escguillemisarn\/wp-content\/uploads\/usu1631\/2024\/04\/4bde0a7c-8a16-49b4-b866-f52e0b820d2a.png 800w, https:\/\/agora.xtec.cat\/escguillemisarn\/wp-content\/uploads\/usu1631\/2024\/04\/4bde0a7c-8a16-49b4-b866-f52e0b820d2a-300x225.png 300w, https:\/\/agora.xtec.cat\/escguillemisarn\/wp-content\/uploads\/usu1631\/2024\/04\/4bde0a7c-8a16-49b4-b866-f52e0b820d2a-768x576.png 768w, https:\/\/agora.xtec.cat\/escguillemisarn\/wp-content\/uploads\/usu1631\/2024\/04\/4bde0a7c-8a16-49b4-b866-f52e0b820d2a-200x150.png 200w\" sizes=\"auto, (max-width: 311px) 100vw, 311px\" \/>En motiu de la <strong>Setmana sense soroll<\/strong>, tota l&#8217;escola ens hem conscienciat del bullici de sons que es genera a diari en el nostre entorn.<\/p>\n<p>Ho hem fet a trav\u00e9s d&#8217;un kit que ens ha proporcionat el Servei de Prevenci\u00f3 de la Contaminaci\u00f3 Ac\u00fastica i Lum\u00ednica del Departament.<\/p>\n<p>Hem fet diferents activitats per apropar-nos al so\u00a0 i hem pogut mesurar els decibels que hi ha en les diferents tasques del dia a dia.<\/p>\n<p>Hem apr\u00e8s a\u00a0 &#8220;<strong>GAUDIR DEL SILENCI<\/strong>&#8220;!!!<\/p>\n<p><a href=\"https:\/\/photos.app.goo.gl\/ytFNpG4ff7P1Zhtn7\">https:\/\/photos.app.goo.gl\/ytFNpG4ff7P1Zhtn7<\/a><\/p>\n","protected":false},"excerpt":{"rendered":"<p>En motiu de la Setmana sense soroll, tota l&#8217;escola ens hem conscienciat del bullici de sons que es genera a diari en el nostre entorn.<br \/>\nHo hem fet a trav\u00e9s d&#8217;un kit que ens ha proporcionat el Servei de Prevenci\u00f3 de la Contaminaci\u00f3 Ac\u00fastica i Lum\u00ednica&hellip;  <a href=\"https:\/\/agora.xtec.cat\/escguillemisarn\/general\/setmana-sense-soroll\/\" title=\"Read SETMANA SENSE SOROLL!!\">Llegeix m\u00e9s\u00bb<\/a><\/p>\n","protected":false},"author":13,"featured_media":0,"comment_status":"open","ping_status":"closed","sticky":false,"template":"","format":"standard","meta":{"_bbp_topic_count":0,"_bbp_reply_count":0,"_bbp_total_topic_count":0,"_bbp_total_reply_count":0,"_bbp_voice_count":0,"_bbp_anonymous_reply_count":0,"_bbp_topic_count_hidden":0,"_bbp_reply_count_hidden":0,"_bbp_forum_subforum_count":0,"footnotes":""},"categories":[71,72,73,77,1,2,4,5],"tags":[],"class_list":["post-3372","post","type-post","status-publish","format-standard","hentry","category-ci","category-cm","category-cs","category-escola-verda","category-general","category-infantil","category-portada","category-primaria"],"post_mailing_queue_ids":[],"_links":{"self":[{"href":"https:\/\/agora.xtec.cat\/escguillemisarn\/wp-json\/wp\/v2\/posts\/3372","targetHints":{"allow":["GET"]}}],"collection":[{"href":"https:\/\/agora.xtec.cat\/escguillemisarn\/wp-json\/wp\/v2\/posts"}],"about":[{"href":"https:\/\/agora.xtec.cat\/escguillemisarn\/wp-json\/wp\/v2\/types\/post"}],"author":[{"embeddable":true,"href":"https:\/\/agora.xtec.cat\/escguillemisarn\/wp-json\/wp\/v2\/users\/13"}],"replies":[{"embeddable":true,"href":"https:\/\/agora.xtec.cat\/escguillemisarn\/wp-json\/wp\/v2\/comments?post=3372"}],"version-history":[{"count":3,"href":"https:\/\/agora.xtec.cat\/escguillemisarn\/wp-json\/wp\/v2\/posts\/3372\/revisions"}],"predecessor-version":[{"id":3378,"href":"https:\/\/agora.xtec.cat\/escguillemisarn\/wp-json\/wp\/v2\/posts\/3372\/revisions\/3378"}],"wp:attachment":[{"href":"https:\/\/agora.xtec.cat\/escguillemisarn\/wp-json\/wp\/v2\/media?parent=3372"}],"wp:term":[{"taxonomy":"category","embeddable":true,"href":"https:\/\/agora.xtec.cat\/escguillemisarn\/wp-json\/wp\/v2\/categories?post=3372"},{"taxonomy":"post_tag","embeddable":true,"href":"https:\/\/agora.xtec.cat\/escguillemisarn\/wp-json\/wp\/v2\/tags?post=3372"}],"curies":[{"name":"wp","href":"https:\/\/api.w.org\/{rel}","templated":true}]}}