{"id":3365,"date":"2024-04-25T12:26:31","date_gmt":"2024-04-25T10:26:31","guid":{"rendered":"https:\/\/agora.xtec.cat\/escguillemisarn\/?p=3365"},"modified":"2024-04-25T12:26:31","modified_gmt":"2024-04-25T10:26:31","slug":"no-temboliquis-no-et-deixis-envasar-2","status":"publish","type":"post","link":"https:\/\/agora.xtec.cat\/escguillemisarn\/general\/no-temboliquis-no-et-deixis-envasar-2\/","title":{"rendered":"NO T&#8217;EMBOLIQUIS, NO ET DEIXIS ENVASAR!!!!"},"content":{"rendered":"<p>Benvolgudes fam\u00edlies!!!<\/p>\n<p><img loading=\"lazy\" decoding=\"async\" class=\"wp-image-3367 alignright\" src=\"https:\/\/agora.xtec.cat\/escguillemisarn\/wp-content\/uploads\/usu1631\/2024\/04\/Captura-de-pantalla-2024-04-25-122153.png\" alt=\"\" width=\"452\" height=\"417\" srcset=\"https:\/\/agora.xtec.cat\/escguillemisarn\/wp-content\/uploads\/usu1631\/2024\/04\/Captura-de-pantalla-2024-04-25-122153.png 883w, https:\/\/agora.xtec.cat\/escguillemisarn\/wp-content\/uploads\/usu1631\/2024\/04\/Captura-de-pantalla-2024-04-25-122153-300x277.png 300w, https:\/\/agora.xtec.cat\/escguillemisarn\/wp-content\/uploads\/usu1631\/2024\/04\/Captura-de-pantalla-2024-04-25-122153-768x708.png 768w\" sizes=\"auto, (max-width: 452px) 100vw, 452px\" \/>Enlla\u00e7ant la proposta inicial de recollida d&#8217;envasos que es va fer durant la setmana de la prevenci\u00f3 de residus, va sorgir la idea des del comit\u00e8 ambiental de reutilitzar-los fent un arc a l&#8217;entrada de l&#8217;escola. D&#8217;aquesta manera fem visible a tota la comunitat educativa la quantitat de pl\u00e0stics que es generen dia a dia en el nostre entorn. Cal ser conscients d&#8217;aquest consum moltes vegades innecessari: <strong>El millor residu \u00e9s el que no es genera!<\/strong><\/p>\n<p><img loading=\"lazy\" decoding=\"async\" class=\"alignnone size-full wp-image-3368\" src=\"https:\/\/agora.xtec.cat\/escguillemisarn\/wp-content\/uploads\/usu1631\/2024\/04\/images.png\" alt=\"\" width=\"236\" height=\"213\" \/><img loading=\"lazy\" decoding=\"async\" class=\"wp-image-3369 alignright\" src=\"https:\/\/agora.xtec.cat\/escguillemisarn\/wp-content\/uploads\/usu1631\/2024\/04\/image.png\" alt=\"\" width=\"337\" height=\"81\" srcset=\"https:\/\/agora.xtec.cat\/escguillemisarn\/wp-content\/uploads\/usu1631\/2024\/04\/image.png 458w, https:\/\/agora.xtec.cat\/escguillemisarn\/wp-content\/uploads\/usu1631\/2024\/04\/image-300x72.png 300w\" sizes=\"auto, (max-width: 337px) 100vw, 337px\" \/><\/p>\n","protected":false},"excerpt":{"rendered":"<p>Benvolgudes fam\u00edlies!!!<br \/>\nEnlla\u00e7ant la proposta inicial de recollida d&#8217;envasos que es va fer durant la setmana de la prevenci\u00f3 de residus, va sorgir la idea des del comit\u00e8 ambiental de reutilitzar-los fent un arc a l&#8217;entrada de l&#8217;escola. D&#8217;aquesta manera fem visible a tota la comunitat&hellip;  <a href=\"https:\/\/agora.xtec.cat\/escguillemisarn\/general\/no-temboliquis-no-et-deixis-envasar-2\/\" title=\"Read NO T&#8217;EMBOLIQUIS, NO ET DEIXIS ENVASAR!!!!\">Llegeix m\u00e9s\u00bb<\/a><\/p>\n","protected":false},"author":13,"featured_media":0,"comment_status":"open","ping_status":"closed","sticky":false,"template":"","format":"standard","meta":{"_bbp_topic_count":0,"_bbp_reply_count":0,"_bbp_total_topic_count":0,"_bbp_total_reply_count":0,"_bbp_voice_count":0,"_bbp_anonymous_reply_count":0,"_bbp_topic_count_hidden":0,"_bbp_reply_count_hidden":0,"_bbp_forum_subforum_count":0,"footnotes":""},"categories":[77,1,4,5],"tags":[],"class_list":["post-3365","post","type-post","status-publish","format-standard","hentry","category-escola-verda","category-general","category-portada","category-primaria"],"post_mailing_queue_ids":[],"_links":{"self":[{"href":"https:\/\/agora.xtec.cat\/escguillemisarn\/wp-json\/wp\/v2\/posts\/3365","targetHints":{"allow":["GET"]}}],"collection":[{"href":"https:\/\/agora.xtec.cat\/escguillemisarn\/wp-json\/wp\/v2\/posts"}],"about":[{"href":"https:\/\/agora.xtec.cat\/escguillemisarn\/wp-json\/wp\/v2\/types\/post"}],"author":[{"embeddable":true,"href":"https:\/\/agora.xtec.cat\/escguillemisarn\/wp-json\/wp\/v2\/users\/13"}],"replies":[{"embeddable":true,"href":"https:\/\/agora.xtec.cat\/escguillemisarn\/wp-json\/wp\/v2\/comments?post=3365"}],"version-history":[{"count":3,"href":"https:\/\/agora.xtec.cat\/escguillemisarn\/wp-json\/wp\/v2\/posts\/3365\/revisions"}],"predecessor-version":[{"id":3371,"href":"https:\/\/agora.xtec.cat\/escguillemisarn\/wp-json\/wp\/v2\/posts\/3365\/revisions\/3371"}],"wp:attachment":[{"href":"https:\/\/agora.xtec.cat\/escguillemisarn\/wp-json\/wp\/v2\/media?parent=3365"}],"wp:term":[{"taxonomy":"category","embeddable":true,"href":"https:\/\/agora.xtec.cat\/escguillemisarn\/wp-json\/wp\/v2\/categories?post=3365"},{"taxonomy":"post_tag","embeddable":true,"href":"https:\/\/agora.xtec.cat\/escguillemisarn\/wp-json\/wp\/v2\/tags?post=3365"}],"curies":[{"name":"wp","href":"https:\/\/api.w.org\/{rel}","templated":true}]}}