{"id":3360,"date":"2024-04-26T13:40:57","date_gmt":"2024-04-26T11:40:57","guid":{"rendered":"https:\/\/agora.xtec.cat\/escguillemisarn\/?p=3360"},"modified":"2024-04-26T13:40:57","modified_gmt":"2024-04-26T11:40:57","slug":"sortida-a-montale-amb-bicicletes","status":"publish","type":"post","link":"https:\/\/agora.xtec.cat\/escguillemisarn\/general\/sortida-a-montale-amb-bicicletes\/","title":{"rendered":"Sortida a Montal\u00e9 amb bicicletes"},"content":{"rendered":"<p><a href=\"https:\/\/agora.xtec.cat\/escguillemisarn\/wp-content\/uploads\/usu1631\/2024\/04\/Bici.jpg\"><img loading=\"lazy\" decoding=\"async\" class=\" wp-image-3361 alignleft\" src=\"https:\/\/agora.xtec.cat\/escguillemisarn\/wp-content\/uploads\/usu1631\/2024\/04\/Bici.jpg\" alt=\"\" width=\"425\" height=\"182\" srcset=\"https:\/\/agora.xtec.cat\/escguillemisarn\/wp-content\/uploads\/usu1631\/2024\/04\/Bici.jpg 900w, https:\/\/agora.xtec.cat\/escguillemisarn\/wp-content\/uploads\/usu1631\/2024\/04\/Bici-300x128.jpg 300w, https:\/\/agora.xtec.cat\/escguillemisarn\/wp-content\/uploads\/usu1631\/2024\/04\/Bici-768x329.jpg 768w\" sizes=\"auto, (max-width: 425px) 100vw, 425px\" \/><\/a>Com ja ve essent tradicional a finals d&#8217;abril, fem una sortida amb bicicletes a Montal\u00e9. Avui, l&#8217;alumnat de cicle mitj\u00e0 i cicle superior ha pogut gaudir d&#8217;aquesta excursi\u00f3 fins aquest poble que tenim a l&#8217;entorn de La Fuliola. Montal\u00e9 ja sabeu que \u00e9s un poble que pertany al municipi d&#8217;Ivars d&#8217;Urgell i nom\u00e9s es conserva una casa de l&#8217;antic poble que hi havia a l&#8217;entorn d&#8217;un castell desaparegut.<\/p>\n<p>En aquesta sortida s&#8217;ha aprofitat per visitar El Bullidor. Un cop a Montal\u00e9 l&#8217;alumnat ha pogut gaudir del fant\u00e0stic paisatge que t\u00e9 i despr\u00e9s de dinar s&#8217;han realitzat jocs esportius i de cucanya.<\/p>\n<p>Si voleu veure alguna fotografia, us les deixem aqu\u00ed:\u00a0<a href=\"https:\/\/photos.app.goo.gl\/rGCyrwr9KoiRfGrRA\">https:\/\/photos.app.goo.gl\/rGCyrwr9KoiRfGrRA<\/a><\/p>\n","protected":false},"excerpt":{"rendered":"<p><a href=\"https:\/\/agora.xtec.cat\/escguillemisarn\/wp-content\/uploads\/usu1631\/2024\/04\/Bici.jpg\"><\/a>Com ja ve essent tradicional a finals d&#8217;abril, fem una sortida amb bicicletes a Montal\u00e9. Avui, l&#8217;alumnat de cicle mitj\u00e0 i cicle superior ha pogut gaudir d&#8217;aquesta excursi\u00f3 fins aquest poble que tenim a l&#8217;entorn de La Fuliola. Montal\u00e9 ja sabeu que \u00e9s un&hellip;  <a href=\"https:\/\/agora.xtec.cat\/escguillemisarn\/general\/sortida-a-montale-amb-bicicletes\/\" title=\"Read Sortida a Montal\u00e9 amb bicicletes\">Llegeix m\u00e9s\u00bb<\/a><\/p>\n","protected":false},"author":1,"featured_media":0,"comment_status":"open","ping_status":"closed","sticky":false,"template":"","format":"standard","meta":{"_bbp_topic_count":0,"_bbp_reply_count":0,"_bbp_total_topic_count":0,"_bbp_total_reply_count":0,"_bbp_voice_count":0,"_bbp_anonymous_reply_count":0,"_bbp_topic_count_hidden":0,"_bbp_reply_count_hidden":0,"_bbp_forum_subforum_count":0,"footnotes":""},"categories":[72,73,1,4,5],"tags":[],"class_list":["post-3360","post","type-post","status-publish","format-standard","hentry","category-cm","category-cs","category-general","category-portada","category-primaria"],"post_mailing_queue_ids":[],"_links":{"self":[{"href":"https:\/\/agora.xtec.cat\/escguillemisarn\/wp-json\/wp\/v2\/posts\/3360","targetHints":{"allow":["GET"]}}],"collection":[{"href":"https:\/\/agora.xtec.cat\/escguillemisarn\/wp-json\/wp\/v2\/posts"}],"about":[{"href":"https:\/\/agora.xtec.cat\/escguillemisarn\/wp-json\/wp\/v2\/types\/post"}],"author":[{"embeddable":true,"href":"https:\/\/agora.xtec.cat\/escguillemisarn\/wp-json\/wp\/v2\/users\/1"}],"replies":[{"embeddable":true,"href":"https:\/\/agora.xtec.cat\/escguillemisarn\/wp-json\/wp\/v2\/comments?post=3360"}],"version-history":[{"count":1,"href":"https:\/\/agora.xtec.cat\/escguillemisarn\/wp-json\/wp\/v2\/posts\/3360\/revisions"}],"predecessor-version":[{"id":3362,"href":"https:\/\/agora.xtec.cat\/escguillemisarn\/wp-json\/wp\/v2\/posts\/3360\/revisions\/3362"}],"wp:attachment":[{"href":"https:\/\/agora.xtec.cat\/escguillemisarn\/wp-json\/wp\/v2\/media?parent=3360"}],"wp:term":[{"taxonomy":"category","embeddable":true,"href":"https:\/\/agora.xtec.cat\/escguillemisarn\/wp-json\/wp\/v2\/categories?post=3360"},{"taxonomy":"post_tag","embeddable":true,"href":"https:\/\/agora.xtec.cat\/escguillemisarn\/wp-json\/wp\/v2\/tags?post=3360"}],"curies":[{"name":"wp","href":"https:\/\/api.w.org\/{rel}","templated":true}]}}