{"id":3356,"date":"2024-04-24T15:43:34","date_gmt":"2024-04-24T13:43:34","guid":{"rendered":"https:\/\/agora.xtec.cat\/escguillemisarn\/?p=3356"},"modified":"2024-04-25T12:42:08","modified_gmt":"2024-04-25T10:42:08","slug":"taller-agencia-catalana-del-consum","status":"publish","type":"post","link":"https:\/\/agora.xtec.cat\/escguillemisarn\/general\/taller-agencia-catalana-del-consum\/","title":{"rendered":"TALLER AG\u00c8NCIA CATALANA DEL CONSUM"},"content":{"rendered":"<p><img loading=\"lazy\" decoding=\"async\" class=\"size-full wp-image-3363 alignleft\" src=\"https:\/\/agora.xtec.cat\/escguillemisarn\/wp-content\/uploads\/usu1631\/2024\/04\/baixa.png\" alt=\"\" width=\"292\" height=\"173\" \/>Avui, des de l&#8217;Ag\u00e8ncia catalana del consum, han vingut la J\u00falia i la Marina per explicar-nos d&#8217;una manera din\u00e0mica i l\u00fadica aspectes relacionats amb el consum.<\/p>\n<p><strong>Cicle inicial<\/strong> han realitzat el taller de &#8220;<strong>Nyam, nyam\u2026Qu\u00e8 hi ha per berenar?<\/strong>&#8221; On es planteja el berenar com a una necessitat biol\u00f2gica i, per tant, de salut. Per dur a terme el taller, ha vingut una cuinera amb em<span style=\"font-family: inherit; font-size: 1em;\">p<\/span><span style=\"font-family: inherit; font-size: 1em;\">enta i ganes de treballar que ha decidit obrir una botiga amb dues caracter\u00edstiques: nom\u00e9s ven berenars i nom\u00e9s es pot fer servir l\u2019expressi\u00f3 corporal per a comunicar-se (no pot parlar). Per\u00f2 ning\u00fa li ve a comprar i demana ajuda als alumnes per saber qu\u00e8 ha de canviar. Aconseguiran tirar endavant la botiga?<\/span><\/p>\n<p><strong>Cicle mitj\u00e0<\/strong> han realitzat el taller &#8220;<strong>Com rutlla l\u2019energia que consumim a l\u2019escola?<\/strong>&#8221; on la gesti\u00f3 responsable i sostenible de l\u2019energia esdev\u00e9 clau per a l\u2019educaci\u00f3 en consum.\u00a0 Per aix\u00f2 ha\u00a0vingut una fot\u00f2grafa que est\u00e0 preparant una exposici\u00f3 que mostra els canvis en una escola al llarg del temps .A partir del seu discurs s&#8217;ha reflexionat sobre l\u2019evoluci\u00f3 dels estils de vida, en general, i del canvi de gesti\u00f3 energ\u00e8tica, en particular. Alhora, han analitzat com \u00e9s l\u2019energia que arriba a l\u2019escola i quin consum se\u2019n fa.<\/p>\n<p><strong>Cicle superior<\/strong> han realitzat el taller de <strong>&#8220;Consumim icones?<\/strong>&#8220;; les Tecnologies de la Informaci\u00f3 i la Comunicaci\u00f3 (TIC), han passat a ser imprescindibles en el nostre dia a dia, especialment en el dels joves. Aquests les han incorporat amb naturalitat a les seves vides: viuen amb Internet, xatejant, escoltant m\u00fasica, comunicant-se, visualitzant v\u00eddeos\u2026<br \/>\nEls\/les joves s\u00f3n ja nadius digitals i cal dotar-los d\u2019eines que els\/les ajudin a gestionar el seu entorn virtual de manera responsable.<br \/>\nAvui en el taller han realitzat\u00a0 din\u00e0miques obertes que han convidat els\/les alumnes a la reflexi\u00f3 sobre les conseq\u00fc\u00e8ncies, conscients i inconscients, dels seus actes en la utilitzaci\u00f3 de les TIC.<\/p>\n<p>Moltes gr\u00e0cies J\u00falia i Marina!!<\/p>\n<p><a href=\"https:\/\/photos.app.goo.gl\/bALSmrbbShVxmFwr9\">https:\/\/photos.app.goo.gl\/bALSmrbbShVxmFwr9<\/a><\/p>\n<p>&nbsp;<\/p>\n","protected":false},"excerpt":{"rendered":"<p>Avui, des de l&#8217;Ag\u00e8ncia catalana del consum, han vingut la J\u00falia i la Marina per explicar-nos d&#8217;una manera din\u00e0mica i l\u00fadica aspectes relacionats amb el consum.<br \/>\nCicle inicial han realitzat el taller de &#8220;Nyam, nyam\u2026Qu\u00e8 hi ha per berenar?&#8221; On es planteja el berenar com a&hellip;  <a href=\"https:\/\/agora.xtec.cat\/escguillemisarn\/general\/taller-agencia-catalana-del-consum\/\" title=\"Read TALLER AG\u00c8NCIA CATALANA DEL CONSUM\">Llegeix m\u00e9s\u00bb<\/a><\/p>\n","protected":false},"author":13,"featured_media":0,"comment_status":"open","ping_status":"closed","sticky":false,"template":"","format":"standard","meta":{"_bbp_topic_count":0,"_bbp_reply_count":0,"_bbp_total_topic_count":0,"_bbp_total_reply_count":0,"_bbp_voice_count":0,"_bbp_anonymous_reply_count":0,"_bbp_topic_count_hidden":0,"_bbp_reply_count_hidden":0,"_bbp_forum_subforum_count":0,"footnotes":""},"categories":[71,72,73,77,1,5],"tags":[],"class_list":["post-3356","post","type-post","status-publish","format-standard","hentry","category-ci","category-cm","category-cs","category-escola-verda","category-general","category-primaria"],"post_mailing_queue_ids":[],"_links":{"self":[{"href":"https:\/\/agora.xtec.cat\/escguillemisarn\/wp-json\/wp\/v2\/posts\/3356","targetHints":{"allow":["GET"]}}],"collection":[{"href":"https:\/\/agora.xtec.cat\/escguillemisarn\/wp-json\/wp\/v2\/posts"}],"about":[{"href":"https:\/\/agora.xtec.cat\/escguillemisarn\/wp-json\/wp\/v2\/types\/post"}],"author":[{"embeddable":true,"href":"https:\/\/agora.xtec.cat\/escguillemisarn\/wp-json\/wp\/v2\/users\/13"}],"replies":[{"embeddable":true,"href":"https:\/\/agora.xtec.cat\/escguillemisarn\/wp-json\/wp\/v2\/comments?post=3356"}],"version-history":[{"count":2,"href":"https:\/\/agora.xtec.cat\/escguillemisarn\/wp-json\/wp\/v2\/posts\/3356\/revisions"}],"predecessor-version":[{"id":3364,"href":"https:\/\/agora.xtec.cat\/escguillemisarn\/wp-json\/wp\/v2\/posts\/3356\/revisions\/3364"}],"wp:attachment":[{"href":"https:\/\/agora.xtec.cat\/escguillemisarn\/wp-json\/wp\/v2\/media?parent=3356"}],"wp:term":[{"taxonomy":"category","embeddable":true,"href":"https:\/\/agora.xtec.cat\/escguillemisarn\/wp-json\/wp\/v2\/categories?post=3356"},{"taxonomy":"post_tag","embeddable":true,"href":"https:\/\/agora.xtec.cat\/escguillemisarn\/wp-json\/wp\/v2\/tags?post=3356"}],"curies":[{"name":"wp","href":"https:\/\/api.w.org\/{rel}","templated":true}]}}