{"id":3339,"date":"2024-04-23T09:32:27","date_gmt":"2024-04-23T07:32:27","guid":{"rendered":"https:\/\/agora.xtec.cat\/escguillemisarn\/?p=3339"},"modified":"2024-04-23T09:32:27","modified_gmt":"2024-04-23T07:32:27","slug":"diada-de-sant-jordi","status":"publish","type":"post","link":"https:\/\/agora.xtec.cat\/escguillemisarn\/general\/diada-de-sant-jordi\/","title":{"rendered":"Diada de Sant Jordi"},"content":{"rendered":"<p><a href=\"https:\/\/agora.xtec.cat\/escguillemisarn\/wp-content\/uploads\/usu1631\/2024\/04\/Sant-jordi.gif\"><img loading=\"lazy\" decoding=\"async\" class=\"wp-image-3340 alignleft\" src=\"https:\/\/agora.xtec.cat\/escguillemisarn\/wp-content\/uploads\/usu1631\/2024\/04\/Sant-jordi-1024x724.gif\" alt=\"\" width=\"385\" height=\"272\" srcset=\"https:\/\/agora.xtec.cat\/escguillemisarn\/wp-content\/uploads\/usu1631\/2024\/04\/Sant-jordi-1024x724.gif 1024w, https:\/\/agora.xtec.cat\/escguillemisarn\/wp-content\/uploads\/usu1631\/2024\/04\/Sant-jordi-300x212.gif 300w, https:\/\/agora.xtec.cat\/escguillemisarn\/wp-content\/uploads\/usu1631\/2024\/04\/Sant-jordi-768x543.gif 768w, https:\/\/agora.xtec.cat\/escguillemisarn\/wp-content\/uploads\/usu1631\/2024\/04\/Sant-jordi-1536x1086.gif 1536w\" sizes=\"auto, (max-width: 385px) 100vw, 385px\" \/><\/a>Els infants de l&#8217;escola i en el marc de la Diada de Sant Jordi han pogut gaudir d&#8217;un mercat d&#8217;intercanvi de llibres reutilitzats i tamb\u00e9 d&#8217;una activitat d&#8217;escape room per con\u00e8ixer una mica m\u00e9s la llegenda d&#8217;aquesta Diada.<\/p>\n<p>Durant el mat\u00ed han pogut bescanviar diferents llibres. Aquesta iniciativa ja va comen\u00e7ar diumenge on l&#8217;AFA de la nostra escola va recollir llibres usats. A m\u00e9s a m\u00e9s, per cada llibre que portaven els infants se&#8217;ls donava un val que ha servit per fer l&#8217;intercanvi avui a l&#8217;escola.<\/p>\n<p>A la tarda, han hagut de descobrir una combinaci\u00f3 secreta que els ha perm\u00e8s obrir un cofre on hi havia el &#8220;tresor&#8221;, uns punts de llibre per fomentar la lectura.<\/p>\n<p>Si voleu veure algunes fotografies, aqu\u00ed us deixem l&#8217;enlla\u00e7:\u00a0<a href=\"https:\/\/photos.app.goo.gl\/SJe4AoPC1b8w8bL9A\">https:\/\/photos.app.goo.gl\/SJe4AoPC1b8w8bL9A<\/a><\/p>\n<p>Bona Diada a tothom!<\/p>\n","protected":false},"excerpt":{"rendered":"<p><a href=\"https:\/\/agora.xtec.cat\/escguillemisarn\/wp-content\/uploads\/usu1631\/2024\/04\/Sant-jordi.gif\"><\/a>Els infants de l&#8217;escola i en el marc de la Diada de Sant Jordi han pogut gaudir d&#8217;un mercat d&#8217;intercanvi de llibres reutilitzats i tamb\u00e9 d&#8217;una activitat d&#8217;escape room per con\u00e8ixer una mica m\u00e9s la llegenda d&#8217;aquesta Diada.<br \/>\nDurant el mat\u00ed han pogut bescanviar diferents&hellip;  <a href=\"https:\/\/agora.xtec.cat\/escguillemisarn\/general\/diada-de-sant-jordi\/\" title=\"Read Diada de Sant Jordi\">Llegeix m\u00e9s\u00bb<\/a><\/p>\n","protected":false},"author":1,"featured_media":0,"comment_status":"open","ping_status":"closed","sticky":false,"template":"","format":"standard","meta":{"_bbp_topic_count":0,"_bbp_reply_count":0,"_bbp_total_topic_count":0,"_bbp_total_reply_count":0,"_bbp_voice_count":0,"_bbp_anonymous_reply_count":0,"_bbp_topic_count_hidden":0,"_bbp_reply_count_hidden":0,"_bbp_forum_subforum_count":0,"footnotes":""},"categories":[71,72,73,79,1,2,4,5],"tags":[],"class_list":["post-3339","post","type-post","status-publish","format-standard","hentry","category-ci","category-cm","category-cs","category-foment-de-la-lectura","category-general","category-infantil","category-portada","category-primaria"],"post_mailing_queue_ids":[],"_links":{"self":[{"href":"https:\/\/agora.xtec.cat\/escguillemisarn\/wp-json\/wp\/v2\/posts\/3339","targetHints":{"allow":["GET"]}}],"collection":[{"href":"https:\/\/agora.xtec.cat\/escguillemisarn\/wp-json\/wp\/v2\/posts"}],"about":[{"href":"https:\/\/agora.xtec.cat\/escguillemisarn\/wp-json\/wp\/v2\/types\/post"}],"author":[{"embeddable":true,"href":"https:\/\/agora.xtec.cat\/escguillemisarn\/wp-json\/wp\/v2\/users\/1"}],"replies":[{"embeddable":true,"href":"https:\/\/agora.xtec.cat\/escguillemisarn\/wp-json\/wp\/v2\/comments?post=3339"}],"version-history":[{"count":1,"href":"https:\/\/agora.xtec.cat\/escguillemisarn\/wp-json\/wp\/v2\/posts\/3339\/revisions"}],"predecessor-version":[{"id":3341,"href":"https:\/\/agora.xtec.cat\/escguillemisarn\/wp-json\/wp\/v2\/posts\/3339\/revisions\/3341"}],"wp:attachment":[{"href":"https:\/\/agora.xtec.cat\/escguillemisarn\/wp-json\/wp\/v2\/media?parent=3339"}],"wp:term":[{"taxonomy":"category","embeddable":true,"href":"https:\/\/agora.xtec.cat\/escguillemisarn\/wp-json\/wp\/v2\/categories?post=3339"},{"taxonomy":"post_tag","embeddable":true,"href":"https:\/\/agora.xtec.cat\/escguillemisarn\/wp-json\/wp\/v2\/tags?post=3339"}],"curies":[{"name":"wp","href":"https:\/\/api.w.org\/{rel}","templated":true}]}}