{"id":3325,"date":"2024-04-12T13:40:37","date_gmt":"2024-04-12T11:40:37","guid":{"rendered":"https:\/\/agora.xtec.cat\/escguillemisarn\/?p=3325"},"modified":"2024-04-12T13:41:39","modified_gmt":"2024-04-12T11:41:39","slug":"ens-visita-lautor-joan-de-deu-prats","status":"publish","type":"post","link":"https:\/\/agora.xtec.cat\/escguillemisarn\/general\/ens-visita-lautor-joan-de-deu-prats\/","title":{"rendered":"ENS VISITA L&#8217;AUTOR JOAN DE D\u00c9U PRATS"},"content":{"rendered":"<p><img loading=\"lazy\" decoding=\"async\" class=\"size-full wp-image-3326 alignleft\" src=\"https:\/\/agora.xtec.cat\/escguillemisarn\/wp-content\/uploads\/usu1631\/2024\/04\/images.jpg\" alt=\"\" width=\"189\" height=\"267\" \/><\/p>\n<p>Avui ens ha visitat l&#8217;escriptor Joan de D\u00e9u Prats, autor dels llibres que hem estat treballant a prim\u00e0ria: &#8220;L&#8217;\u00faltim monstre&#8221;\u00a0 i &#8220;Setze contes divertits i un parell de seriosos&#8221;.<\/p>\n<p>Hem tingut l&#8217;oportunitat d<span style=\"font-family: inherit; font-size: 1em;\">e con\u00e8ixer ben de prop com \u00e9s la feina d&#8217;un escriptor i descobrir molts\u00a0<\/span><\/p>\n<p><span style=\"font-family: inherit; font-size: 1em;\">secrets a trav\u00e9s de les preguntes que li hem anat fent.<\/span><\/p>\n<p>Ens quedem amb una idea que ens ha compartit en tot moment: &#8220;Juga a imaginar&#8221;.<\/p>\n<p>Moltes gr\u00e0cies per la visita Joan!!!!<\/p>\n<p><a href=\"https:\/\/photos.app.goo.gl\/aFzCtGAEhPto36FT9\">https:\/\/photos.app.goo.gl\/aFzCtGAEhPto36FT9<\/a><\/p>\n","protected":false},"excerpt":{"rendered":"<p>Avui ens ha visitat l&#8217;escriptor Joan de D\u00e9u Prats, autor dels llibres que hem estat treballant a prim\u00e0ria: &#8220;L&#8217;\u00faltim monstre&#8221;\u00a0 i &#8220;Setze contes divertits i un parell de seriosos&#8221;.<br \/>\nHem tingut l&#8217;oportunitat de con\u00e8ixer ben de prop com \u00e9s la feina d&#8217;un escriptor i descobrir molts\u00a0<br \/>\nsecrets&hellip;  <a href=\"https:\/\/agora.xtec.cat\/escguillemisarn\/general\/ens-visita-lautor-joan-de-deu-prats\/\" title=\"Read ENS VISITA L&#8217;AUTOR JOAN DE D\u00c9U PRATS\">Llegeix m\u00e9s\u00bb<\/a><\/p>\n","protected":false},"author":13,"featured_media":0,"comment_status":"open","ping_status":"closed","sticky":false,"template":"","format":"standard","meta":{"_bbp_topic_count":0,"_bbp_reply_count":0,"_bbp_total_topic_count":0,"_bbp_total_reply_count":0,"_bbp_voice_count":0,"_bbp_anonymous_reply_count":0,"_bbp_topic_count_hidden":0,"_bbp_reply_count_hidden":0,"_bbp_forum_subforum_count":0,"footnotes":""},"categories":[71,72,73,79,1,4,5],"tags":[],"class_list":["post-3325","post","type-post","status-publish","format-standard","hentry","category-ci","category-cm","category-cs","category-foment-de-la-lectura","category-general","category-portada","category-primaria"],"post_mailing_queue_ids":[],"_links":{"self":[{"href":"https:\/\/agora.xtec.cat\/escguillemisarn\/wp-json\/wp\/v2\/posts\/3325","targetHints":{"allow":["GET"]}}],"collection":[{"href":"https:\/\/agora.xtec.cat\/escguillemisarn\/wp-json\/wp\/v2\/posts"}],"about":[{"href":"https:\/\/agora.xtec.cat\/escguillemisarn\/wp-json\/wp\/v2\/types\/post"}],"author":[{"embeddable":true,"href":"https:\/\/agora.xtec.cat\/escguillemisarn\/wp-json\/wp\/v2\/users\/13"}],"replies":[{"embeddable":true,"href":"https:\/\/agora.xtec.cat\/escguillemisarn\/wp-json\/wp\/v2\/comments?post=3325"}],"version-history":[{"count":2,"href":"https:\/\/agora.xtec.cat\/escguillemisarn\/wp-json\/wp\/v2\/posts\/3325\/revisions"}],"predecessor-version":[{"id":3328,"href":"https:\/\/agora.xtec.cat\/escguillemisarn\/wp-json\/wp\/v2\/posts\/3325\/revisions\/3328"}],"wp:attachment":[{"href":"https:\/\/agora.xtec.cat\/escguillemisarn\/wp-json\/wp\/v2\/media?parent=3325"}],"wp:term":[{"taxonomy":"category","embeddable":true,"href":"https:\/\/agora.xtec.cat\/escguillemisarn\/wp-json\/wp\/v2\/categories?post=3325"},{"taxonomy":"post_tag","embeddable":true,"href":"https:\/\/agora.xtec.cat\/escguillemisarn\/wp-json\/wp\/v2\/tags?post=3325"}],"curies":[{"name":"wp","href":"https:\/\/api.w.org\/{rel}","templated":true}]}}