{"id":3309,"date":"2024-04-05T11:04:29","date_gmt":"2024-04-05T09:04:29","guid":{"rendered":"https:\/\/agora.xtec.cat\/escguillemisarn\/?p=3309"},"modified":"2024-04-05T11:05:06","modified_gmt":"2024-04-05T09:05:06","slug":"jornada-atletica-de-cicle-superior","status":"publish","type":"post","link":"https:\/\/agora.xtec.cat\/escguillemisarn\/general\/jornada-atletica-de-cicle-superior\/","title":{"rendered":"Jornada atl\u00e8tica de cicle superior"},"content":{"rendered":"<p><a href=\"https:\/\/agora.xtec.cat\/escguillemisarn\/wp-content\/uploads\/usu1631\/2024\/04\/ajuntament-arbeca-febrer-de-portes-obertes-a-les-noves-pistes-datletisme-darbeca-768-med-230207195434.jpeg\"><img loading=\"lazy\" decoding=\"async\" class=\"wp-image-3310 alignleft\" src=\"https:\/\/agora.xtec.cat\/escguillemisarn\/wp-content\/uploads\/usu1631\/2024\/04\/ajuntament-arbeca-febrer-de-portes-obertes-a-les-noves-pistes-datletisme-darbeca-768-med-230207195434.jpeg\" alt=\"\" width=\"343\" height=\"257\" srcset=\"https:\/\/agora.xtec.cat\/escguillemisarn\/wp-content\/uploads\/usu1631\/2024\/04\/ajuntament-arbeca-febrer-de-portes-obertes-a-les-noves-pistes-datletisme-darbeca-768-med-230207195434.jpeg 1024w, https:\/\/agora.xtec.cat\/escguillemisarn\/wp-content\/uploads\/usu1631\/2024\/04\/ajuntament-arbeca-febrer-de-portes-obertes-a-les-noves-pistes-datletisme-darbeca-768-med-230207195434-300x225.jpeg 300w, https:\/\/agora.xtec.cat\/escguillemisarn\/wp-content\/uploads\/usu1631\/2024\/04\/ajuntament-arbeca-febrer-de-portes-obertes-a-les-noves-pistes-datletisme-darbeca-768-med-230207195434-768x576.jpeg 768w, https:\/\/agora.xtec.cat\/escguillemisarn\/wp-content\/uploads\/usu1631\/2024\/04\/ajuntament-arbeca-febrer-de-portes-obertes-a-les-noves-pistes-datletisme-darbeca-768-med-230207195434-200x150.jpeg 200w\" sizes=\"auto, (max-width: 343px) 100vw, 343px\" \/><\/a>Els nens i nenes de cicle superior han gaudit d&#8217;una jornada atl\u00e8tica a les pistes d&#8217;atletisme d&#8217;Arbeca organitzada des del seminari de docents d&#8217;educaci\u00f3 f\u00edsica de l&#8217;Urgell i amb el suport del Consell Esportiu de l&#8217;Urgell.<\/p>\n<p>Ha estat una jornada per practicar diferents disciplines atl\u00e8tiques en unes instal\u00b7lacions exemplars com ho s\u00f3n les pistes d&#8217;atletisme d&#8217;Arbeca. A m\u00e9s a m\u00e9s els infants han pogut con\u00e8ixer nous companys de les escoles de la comarca de l&#8217;Urgell. M\u00e9s de 300 participants han gaudit d&#8217;aquesta jornada esportiva.<\/p>\n<p>Si voleu veure algunes fotografies, us les deixem al seg\u00fcent enlla\u00e7:\u00a0<a href=\"https:\/\/photos.app.goo.gl\/QW2FnAdnBrpq2ac88\">https:\/\/photos.app.goo.gl\/QW2FnAdnBrpq2ac88<\/a><\/p>\n","protected":false},"excerpt":{"rendered":"<p><a href=\"https:\/\/agora.xtec.cat\/escguillemisarn\/wp-content\/uploads\/usu1631\/2024\/04\/ajuntament-arbeca-febrer-de-portes-obertes-a-les-noves-pistes-datletisme-darbeca-768-med-230207195434.jpeg\"><\/a>Els nens i nenes de cicle superior han gaudit d&#8217;una jornada atl\u00e8tica a les pistes d&#8217;atletisme d&#8217;Arbeca organitzada des del seminari de docents d&#8217;educaci\u00f3 f\u00edsica de l&#8217;Urgell i amb el suport del Consell Esportiu de l&#8217;Urgell.<br \/>\nHa estat una jornada per practicar diferents disciplines atl\u00e8tiques&hellip;  <a href=\"https:\/\/agora.xtec.cat\/escguillemisarn\/general\/jornada-atletica-de-cicle-superior\/\" title=\"Read Jornada atl\u00e8tica de cicle superior\">Llegeix m\u00e9s\u00bb<\/a><\/p>\n","protected":false},"author":18,"featured_media":0,"comment_status":"open","ping_status":"closed","sticky":false,"template":"","format":"standard","meta":{"_bbp_topic_count":0,"_bbp_reply_count":0,"_bbp_total_topic_count":0,"_bbp_total_reply_count":0,"_bbp_voice_count":0,"_bbp_anonymous_reply_count":0,"_bbp_topic_count_hidden":0,"_bbp_reply_count_hidden":0,"_bbp_forum_subforum_count":0,"footnotes":""},"categories":[73,1,4,5],"tags":[],"class_list":["post-3309","post","type-post","status-publish","format-standard","hentry","category-cs","category-general","category-portada","category-primaria"],"post_mailing_queue_ids":[],"_links":{"self":[{"href":"https:\/\/agora.xtec.cat\/escguillemisarn\/wp-json\/wp\/v2\/posts\/3309","targetHints":{"allow":["GET"]}}],"collection":[{"href":"https:\/\/agora.xtec.cat\/escguillemisarn\/wp-json\/wp\/v2\/posts"}],"about":[{"href":"https:\/\/agora.xtec.cat\/escguillemisarn\/wp-json\/wp\/v2\/types\/post"}],"author":[{"embeddable":true,"href":"https:\/\/agora.xtec.cat\/escguillemisarn\/wp-json\/wp\/v2\/users\/18"}],"replies":[{"embeddable":true,"href":"https:\/\/agora.xtec.cat\/escguillemisarn\/wp-json\/wp\/v2\/comments?post=3309"}],"version-history":[{"count":1,"href":"https:\/\/agora.xtec.cat\/escguillemisarn\/wp-json\/wp\/v2\/posts\/3309\/revisions"}],"predecessor-version":[{"id":3311,"href":"https:\/\/agora.xtec.cat\/escguillemisarn\/wp-json\/wp\/v2\/posts\/3309\/revisions\/3311"}],"wp:attachment":[{"href":"https:\/\/agora.xtec.cat\/escguillemisarn\/wp-json\/wp\/v2\/media?parent=3309"}],"wp:term":[{"taxonomy":"category","embeddable":true,"href":"https:\/\/agora.xtec.cat\/escguillemisarn\/wp-json\/wp\/v2\/categories?post=3309"},{"taxonomy":"post_tag","embeddable":true,"href":"https:\/\/agora.xtec.cat\/escguillemisarn\/wp-json\/wp\/v2\/tags?post=3309"}],"curies":[{"name":"wp","href":"https:\/\/api.w.org\/{rel}","templated":true}]}}