{"id":3300,"date":"2024-03-15T15:38:32","date_gmt":"2024-03-15T14:38:32","guid":{"rendered":"https:\/\/agora.xtec.cat\/escguillemisarn\/?p=3300"},"modified":"2024-03-15T15:38:32","modified_gmt":"2024-03-15T14:38:32","slug":"saint-patricks-day-3","status":"publish","type":"post","link":"https:\/\/agora.xtec.cat\/escguillemisarn\/general\/saint-patricks-day-3\/","title":{"rendered":"SAINT PATRICK&#8217;S DAY"},"content":{"rendered":"<p><a href=\"https:\/\/agora.xtec.cat\/escguillemisarn\/wp-content\/uploads\/usu1631\/2024\/03\/patri.jpg\"><img loading=\"lazy\" decoding=\"async\" class=\"wp-image-3301 aligncenter\" src=\"https:\/\/agora.xtec.cat\/escguillemisarn\/wp-content\/uploads\/usu1631\/2024\/03\/patri-1024x1024.jpg\" alt=\"\" width=\"311\" height=\"311\" srcset=\"https:\/\/agora.xtec.cat\/escguillemisarn\/wp-content\/uploads\/usu1631\/2024\/03\/patri-1024x1024.jpg 1024w, https:\/\/agora.xtec.cat\/escguillemisarn\/wp-content\/uploads\/usu1631\/2024\/03\/patri-300x300.jpg 300w, https:\/\/agora.xtec.cat\/escguillemisarn\/wp-content\/uploads\/usu1631\/2024\/03\/patri-150x150.jpg 150w, https:\/\/agora.xtec.cat\/escguillemisarn\/wp-content\/uploads\/usu1631\/2024\/03\/patri-768x768.jpg 768w, https:\/\/agora.xtec.cat\/escguillemisarn\/wp-content\/uploads\/usu1631\/2024\/03\/patri-1536x1536.jpg 1536w, https:\/\/agora.xtec.cat\/escguillemisarn\/wp-content\/uploads\/usu1631\/2024\/03\/patri.jpg 2000w\" sizes=\"auto, (max-width: 311px) 100vw, 311px\" \/><\/a><\/p>\n<p>Avui al mat\u00ed hem celebrat Saint Patrick&#8217;s Day, cada alumne\/a ha passat a buscar la seva moneda de xocolata dins el cofre del tresor. Tot seguit hem pogut gaudir del grup de m\u00fasica Irish.cat. Hem cantat, ballat, begut amb el sill\u00f3&#8230; Ens ho hem passat d&#8217;all\u00f2 m\u00e9s b\u00e9! Molt\u00edssimes gr\u00e0cies als m\u00fasics per poder venir a oferir-nos m\u00fasica en directe.<\/p>\n<p>En el seg\u00fcent enlla\u00e7 us deixem algunes fotografies i v\u00eddeos:<\/p>\n<p><a href=\"https:\/\/photos.app.goo.gl\/H8NU4dVAWhHE9Y5v9\">https:\/\/photos.app.goo.gl\/H8NU4dVAWhHE9Y5v9<\/a><\/p>\n","protected":false},"excerpt":{"rendered":"<p><a href=\"https:\/\/agora.xtec.cat\/escguillemisarn\/wp-content\/uploads\/usu1631\/2024\/03\/patri.jpg\"><\/a><br \/>\nAvui al mat\u00ed hem celebrat Saint Patrick&#8217;s Day, cada alumne\/a ha passat a buscar la seva moneda de xocolata dins el cofre del tresor. Tot seguit hem pogut gaudir del grup de m\u00fasica Irish.cat. Hem cantat, ballat, begut amb el sill\u00f3&#8230; Ens ho hem&hellip;  <a href=\"https:\/\/agora.xtec.cat\/escguillemisarn\/general\/saint-patricks-day-3\/\" title=\"Read SAINT PATRICK&#8217;S DAY\">Llegeix m\u00e9s\u00bb<\/a><\/p>\n","protected":false},"author":1,"featured_media":0,"comment_status":"open","ping_status":"closed","sticky":false,"template":"","format":"standard","meta":{"_bbp_topic_count":0,"_bbp_reply_count":0,"_bbp_total_topic_count":0,"_bbp_total_reply_count":0,"_bbp_voice_count":0,"_bbp_anonymous_reply_count":0,"_bbp_topic_count_hidden":0,"_bbp_reply_count_hidden":0,"_bbp_forum_subforum_count":0,"footnotes":""},"categories":[71,72,73,1,2,4,5],"tags":[],"class_list":["post-3300","post","type-post","status-publish","format-standard","hentry","category-ci","category-cm","category-cs","category-general","category-infantil","category-portada","category-primaria"],"post_mailing_queue_ids":[],"_links":{"self":[{"href":"https:\/\/agora.xtec.cat\/escguillemisarn\/wp-json\/wp\/v2\/posts\/3300","targetHints":{"allow":["GET"]}}],"collection":[{"href":"https:\/\/agora.xtec.cat\/escguillemisarn\/wp-json\/wp\/v2\/posts"}],"about":[{"href":"https:\/\/agora.xtec.cat\/escguillemisarn\/wp-json\/wp\/v2\/types\/post"}],"author":[{"embeddable":true,"href":"https:\/\/agora.xtec.cat\/escguillemisarn\/wp-json\/wp\/v2\/users\/1"}],"replies":[{"embeddable":true,"href":"https:\/\/agora.xtec.cat\/escguillemisarn\/wp-json\/wp\/v2\/comments?post=3300"}],"version-history":[{"count":1,"href":"https:\/\/agora.xtec.cat\/escguillemisarn\/wp-json\/wp\/v2\/posts\/3300\/revisions"}],"predecessor-version":[{"id":3302,"href":"https:\/\/agora.xtec.cat\/escguillemisarn\/wp-json\/wp\/v2\/posts\/3300\/revisions\/3302"}],"wp:attachment":[{"href":"https:\/\/agora.xtec.cat\/escguillemisarn\/wp-json\/wp\/v2\/media?parent=3300"}],"wp:term":[{"taxonomy":"category","embeddable":true,"href":"https:\/\/agora.xtec.cat\/escguillemisarn\/wp-json\/wp\/v2\/categories?post=3300"},{"taxonomy":"post_tag","embeddable":true,"href":"https:\/\/agora.xtec.cat\/escguillemisarn\/wp-json\/wp\/v2\/tags?post=3300"}],"curies":[{"name":"wp","href":"https:\/\/api.w.org\/{rel}","templated":true}]}}