{"id":3279,"date":"2024-03-11T18:38:03","date_gmt":"2024-03-11T17:38:03","guid":{"rendered":"https:\/\/agora.xtec.cat\/escguillemisarn\/?p=3279"},"modified":"2024-03-12T11:49:43","modified_gmt":"2024-03-12T10:49:43","slug":"estacio-meteorologica","status":"publish","type":"post","link":"https:\/\/agora.xtec.cat\/escguillemisarn\/general\/estacio-meteorologica\/","title":{"rendered":"ESTACI\u00d3 METEOROL\u00d2GICA"},"content":{"rendered":"<p><a href=\"https:\/\/agora.xtec.cat\/escguillemisarn\/wp-content\/uploads\/usu1631\/2024\/03\/20240226_120442.jpg\"><img loading=\"lazy\" decoding=\"async\" class=\"alignnone size-large wp-image-3281\" src=\"https:\/\/agora.xtec.cat\/escguillemisarn\/wp-content\/uploads\/usu1631\/2024\/03\/20240226_120442-944x1024.jpg\" alt=\"\" width=\"944\" height=\"1024\" srcset=\"https:\/\/agora.xtec.cat\/escguillemisarn\/wp-content\/uploads\/usu1631\/2024\/03\/20240226_120442-944x1024.jpg 944w, https:\/\/agora.xtec.cat\/escguillemisarn\/wp-content\/uploads\/usu1631\/2024\/03\/20240226_120442-277x300.jpg 277w, https:\/\/agora.xtec.cat\/escguillemisarn\/wp-content\/uploads\/usu1631\/2024\/03\/20240226_120442-768x833.jpg 768w, https:\/\/agora.xtec.cat\/escguillemisarn\/wp-content\/uploads\/usu1631\/2024\/03\/20240226_120442.jpg 1412w\" sizes=\"auto, (max-width: 944px) 100vw, 944px\" \/><\/a><\/p>\n<p>Aquest dies els alumnes de 3r hem estat treballant l\u00b4estudi del temps, per aix\u00f2 ha estat ideal poder gaudir de la NOVA ESTACI\u00d3 METEOROL\u00d2GICA que tenim instal\u00b7lada a l\u00b4escola i ha fet possible l\u00b4observaci\u00f3 de les precipitacions, la temperatura, la velocitat del vent i la seva direcci\u00f3. A m\u00e9s a m\u00e9s, hem creat el nostre propi pluvi\u00f2metre per poder mesurar la quantitat d\u00b4aigua de pluja que ha caigut aquest dies.<\/p>\n<p>Aqu\u00ed us deixem unes\u00a0<a href=\"https:\/\/photos.app.goo.gl\/fR91DHPPHC7FSPGc7\">fotos<\/a><\/p>\n","protected":false},"excerpt":{"rendered":"<p><a href=\"https:\/\/agora.xtec.cat\/escguillemisarn\/wp-content\/uploads\/usu1631\/2024\/03\/20240226_120442.jpg\"><\/a><br \/>\nAquest dies els alumnes de 3r hem estat treballant l\u00b4estudi del temps, per aix\u00f2 ha estat ideal poder gaudir de la NOVA ESTACI\u00d3 METEOROL\u00d2GICA que tenim instal\u00b7lada a l\u00b4escola i ha fet possible l\u00b4observaci\u00f3 de les precipitacions, la temperatura, la velocitat del vent i&hellip;  <a href=\"https:\/\/agora.xtec.cat\/escguillemisarn\/general\/estacio-meteorologica\/\" title=\"Read ESTACI\u00d3 METEOROL\u00d2GICA\">Llegeix m\u00e9s\u00bb<\/a><\/p>\n","protected":false},"author":41,"featured_media":3281,"comment_status":"open","ping_status":"closed","sticky":false,"template":"","format":"standard","meta":{"_bbp_topic_count":0,"_bbp_reply_count":0,"_bbp_total_topic_count":0,"_bbp_total_reply_count":0,"_bbp_voice_count":0,"_bbp_anonymous_reply_count":0,"_bbp_topic_count_hidden":0,"_bbp_reply_count_hidden":0,"_bbp_forum_subforum_count":0,"footnotes":""},"categories":[72,1,4,5],"tags":[],"class_list":["post-3279","post","type-post","status-publish","format-standard","has-post-thumbnail","hentry","category-cm","category-general","category-portada","category-primaria"],"post_mailing_queue_ids":[],"_links":{"self":[{"href":"https:\/\/agora.xtec.cat\/escguillemisarn\/wp-json\/wp\/v2\/posts\/3279","targetHints":{"allow":["GET"]}}],"collection":[{"href":"https:\/\/agora.xtec.cat\/escguillemisarn\/wp-json\/wp\/v2\/posts"}],"about":[{"href":"https:\/\/agora.xtec.cat\/escguillemisarn\/wp-json\/wp\/v2\/types\/post"}],"author":[{"embeddable":true,"href":"https:\/\/agora.xtec.cat\/escguillemisarn\/wp-json\/wp\/v2\/users\/41"}],"replies":[{"embeddable":true,"href":"https:\/\/agora.xtec.cat\/escguillemisarn\/wp-json\/wp\/v2\/comments?post=3279"}],"version-history":[{"count":3,"href":"https:\/\/agora.xtec.cat\/escguillemisarn\/wp-json\/wp\/v2\/posts\/3279\/revisions"}],"predecessor-version":[{"id":3283,"href":"https:\/\/agora.xtec.cat\/escguillemisarn\/wp-json\/wp\/v2\/posts\/3279\/revisions\/3283"}],"wp:featuredmedia":[{"embeddable":true,"href":"https:\/\/agora.xtec.cat\/escguillemisarn\/wp-json\/wp\/v2\/media\/3281"}],"wp:attachment":[{"href":"https:\/\/agora.xtec.cat\/escguillemisarn\/wp-json\/wp\/v2\/media?parent=3279"}],"wp:term":[{"taxonomy":"category","embeddable":true,"href":"https:\/\/agora.xtec.cat\/escguillemisarn\/wp-json\/wp\/v2\/categories?post=3279"},{"taxonomy":"post_tag","embeddable":true,"href":"https:\/\/agora.xtec.cat\/escguillemisarn\/wp-json\/wp\/v2\/tags?post=3279"}],"curies":[{"name":"wp","href":"https:\/\/api.w.org\/{rel}","templated":true}]}}