{"id":3270,"date":"2024-03-18T10:01:08","date_gmt":"2024-03-18T09:01:08","guid":{"rendered":"https:\/\/agora.xtec.cat\/escguillemisarn\/?p=3270"},"modified":"2024-04-15T10:52:41","modified_gmt":"2024-04-15T08:52:41","slug":"la-festa-major","status":"publish","type":"post","link":"https:\/\/agora.xtec.cat\/escguillemisarn\/general\/la-festa-major\/","title":{"rendered":"La festa major !"},"content":{"rendered":"<div><a href=\"https:\/\/agora.xtec.cat\/escguillemisarn\/wp-content\/uploads\/usu1631\/2024\/03\/539bda83-c06b-41a0-969c-33e7906e2db8.png\"><img loading=\"lazy\" decoding=\"async\" class=\"wp-image-3271 alignleft\" src=\"https:\/\/agora.xtec.cat\/escguillemisarn\/wp-content\/uploads\/usu1631\/2024\/03\/539bda83-c06b-41a0-969c-33e7906e2db8.png\" alt=\"\" width=\"378\" height=\"252\" srcset=\"https:\/\/agora.xtec.cat\/escguillemisarn\/wp-content\/uploads\/usu1631\/2024\/03\/539bda83-c06b-41a0-969c-33e7906e2db8.png 728w, https:\/\/agora.xtec.cat\/escguillemisarn\/wp-content\/uploads\/usu1631\/2024\/03\/539bda83-c06b-41a0-969c-33e7906e2db8-300x200.png 300w\" sizes=\"auto, (max-width: 378px) 100vw, 378px\" \/><\/a>Un curs m\u00e9s torna la nostra setmana cultural, uns dies que aprofitem per fer un treball diferent amb els nostres alumnes, un treball carregat de valor, cultura i tradici\u00f3. Forma part del projecte interdisciplinari del centre, i aquest any el centre d&#8217;inter\u00e8s \u00e9s LA FESTA MAJOR!<\/div>\n<div><\/div>\n<div>Les dates d&#8217;aquesta setmana cultural s\u00f3n del 18 al 22 de mar\u00e7. Hi haur\u00e0 la participaci\u00f3 de fam\u00edlies, entitats, Ajuntament i exdocents del centre entre altres a qui agra\u00efm molt\u00edssim la seva bona predisposici\u00f3 per fer d&#8217;aquesta setmana una de les millors setmanes escolars de tot el curs. Tindrem cercaviles de capgrossos, ball de sardanes, cuina t\u00edpica de festa major, repic de campanes, xocolatada de festa major gentilesa de l&#8217;AFA, teatre a c\u00e0rrec de la companyia Cruma, circ, titelles, jocs reciclats, balls, gralles, tabals, concerts, visitarem en Guillem i la Ll\u00facia gegants de La Fuliola, vermut de festa major, i moltes altres sorpreses. Ah! i visitarem el taller de circ a Copons (infantil i cicle inicial) i La Casa dels Entremesos i el Parc G\u00fcell de Barcelona\u00a0(cicle mitj\u00e0 i cicle superior), que per cert, la televisi\u00f3 de Barcelona (Betev\u00e9) vindr\u00e0 a fer-nos un reportatge, s\u00ed s\u00ed, ho heu llegit b\u00e9!<\/div>\n<div><\/div>\n<div>En resum, una setmana B R U T A L ! Gaudim d&#8217;aquestes iniciatives perqu\u00e8 no passen sempre, recordo que el curs passat, per la setmana cultural vam dir que es van alinear les estrelles al nostre favor per tota la col\u00b7laboraci\u00f3 que vam rebre i per tot l&#8217;esfor\u00e7 i feinada de tot l&#8217;equip docent i podem dir ben alt que aquest any s&#8217;han tornat a alinear les estrelles. Gaudim-ho!!!!<\/div>\n<div><\/div>\n<div>Les fam\u00edlies esteu convidades a gaudir de la festa major de l&#8217;escola el DIVENDRES 22 de mar\u00e7 de les 15h a les 16.30h. Us esperem a totes! Porteu a tota la fam\u00edlia, pares, mares, padrins, padrines, tiets, tietes, &#8230; B E N V I N G U\u00a0D\u00a0E S !!!!!<\/div>\n<div><\/div>\n<div>Fam\u00edlies, preparades???? Aix\u00f2 comen\u00e7a!!!!<\/div>\n<div><\/div>\n<div>Podeu trobar totes les fotografies que anirem fent en aquests enlla\u00e7os, en funci\u00f3 del curs del vostre fill o filla:<\/div>\n<div><strong>INFANTIL:\u00a0<\/strong><a href=\"https:\/\/photos.app.goo.gl\/LdZCcSVUuGMKB84E8\">https:\/\/photos.app.goo.gl\/LdZCcSVUuGMKB84E8<\/a><\/div>\n<div><\/div>\n<div><\/div>\n<div><strong>CICLE INCIAL:<\/strong>\u00a0<a href=\"https:\/\/photos.app.goo.gl\/MkUg4TYnZJjR3abeA\">https:\/\/photos.app.goo.gl\/MkUg4TYnZJjR3abeA<\/a><\/div>\n<div><\/div>\n<div><\/div>\n<div><strong>CICLE MITJ\u00c0:<\/strong>\u00a0<a href=\"https:\/\/photos.app.goo.gl\/wtXaDQ4FBXXs2FYj8\">https:\/\/photos.app.goo.gl\/wtXaDQ4FBXXs2FYj8<\/a><\/div>\n<div><\/div>\n<div><\/div>\n<div><strong>CICLE SUPERIOR:<\/strong>\u00a0<a href=\"https:\/\/photos.app.goo.gl\/hbUT7f5Zwkbb76Ep8\">https:\/\/photos.app.goo.gl\/hbUT7f5Zwkbb76Ep8<\/a><\/div>\n<div><\/div>\n<div><\/div>\n<div><strong>ACTIVITATS COMUNES DE TOTA L&#8217;ESCOLA:<\/strong>\u00a0<a href=\"https:\/\/photos.app.goo.gl\/SycNY7ng6Y5ZQwLF9\">https:\/\/photos.app.goo.gl\/SycNY7ng6Y5ZQwLF9<\/a><\/div>\n<div><\/div>\n<div><\/div>\n<div><strong>BETEV\u00c9, programa infantil Catakrac:<\/strong>\u00a0<a href=\"https:\/\/beteve.cat\/catakrac\/catakrac-313\/\">https:\/\/beteve.cat\/catakrac\/catakrac-313\/<\/a><\/div>\n<div><\/div>\n<div>Bona festa major de l&#8217;Escola Guillem Isarn a tota la comunitat educativa!!!!<\/div>\n","protected":false},"excerpt":{"rendered":"<p><a href=\"https:\/\/agora.xtec.cat\/escguillemisarn\/wp-content\/uploads\/usu1631\/2024\/03\/539bda83-c06b-41a0-969c-33e7906e2db8.png\"><\/a>Un curs m\u00e9s torna la nostra setmana cultural, uns dies que aprofitem per fer un treball diferent amb els nostres alumnes, un treball carregat de valor, cultura i tradici\u00f3. Forma part del projecte interdisciplinari del centre, i aquest any el centre d&#8217;inter\u00e8s \u00e9s LA&hellip;  <a href=\"https:\/\/agora.xtec.cat\/escguillemisarn\/general\/la-festa-major\/\" title=\"Read La festa major !\">Llegeix m\u00e9s\u00bb<\/a><\/p>\n","protected":false},"author":1,"featured_media":0,"comment_status":"open","ping_status":"closed","sticky":false,"template":"","format":"standard","meta":{"_bbp_topic_count":0,"_bbp_reply_count":0,"_bbp_total_topic_count":0,"_bbp_total_reply_count":0,"_bbp_voice_count":0,"_bbp_anonymous_reply_count":0,"_bbp_topic_count_hidden":0,"_bbp_reply_count_hidden":0,"_bbp_forum_subforum_count":0,"footnotes":""},"categories":[71,72,73,1,2,4,5],"tags":[],"class_list":["post-3270","post","type-post","status-publish","format-standard","hentry","category-ci","category-cm","category-cs","category-general","category-infantil","category-portada","category-primaria"],"post_mailing_queue_ids":[],"_links":{"self":[{"href":"https:\/\/agora.xtec.cat\/escguillemisarn\/wp-json\/wp\/v2\/posts\/3270","targetHints":{"allow":["GET"]}}],"collection":[{"href":"https:\/\/agora.xtec.cat\/escguillemisarn\/wp-json\/wp\/v2\/posts"}],"about":[{"href":"https:\/\/agora.xtec.cat\/escguillemisarn\/wp-json\/wp\/v2\/types\/post"}],"author":[{"embeddable":true,"href":"https:\/\/agora.xtec.cat\/escguillemisarn\/wp-json\/wp\/v2\/users\/1"}],"replies":[{"embeddable":true,"href":"https:\/\/agora.xtec.cat\/escguillemisarn\/wp-json\/wp\/v2\/comments?post=3270"}],"version-history":[{"count":4,"href":"https:\/\/agora.xtec.cat\/escguillemisarn\/wp-json\/wp\/v2\/posts\/3270\/revisions"}],"predecessor-version":[{"id":3329,"href":"https:\/\/agora.xtec.cat\/escguillemisarn\/wp-json\/wp\/v2\/posts\/3270\/revisions\/3329"}],"wp:attachment":[{"href":"https:\/\/agora.xtec.cat\/escguillemisarn\/wp-json\/wp\/v2\/media?parent=3270"}],"wp:term":[{"taxonomy":"category","embeddable":true,"href":"https:\/\/agora.xtec.cat\/escguillemisarn\/wp-json\/wp\/v2\/categories?post=3270"},{"taxonomy":"post_tag","embeddable":true,"href":"https:\/\/agora.xtec.cat\/escguillemisarn\/wp-json\/wp\/v2\/tags?post=3270"}],"curies":[{"name":"wp","href":"https:\/\/api.w.org\/{rel}","templated":true}]}}