{"id":3261,"date":"2024-03-19T20:08:14","date_gmt":"2024-03-19T19:08:14","guid":{"rendered":"https:\/\/agora.xtec.cat\/escguillemisarn\/?p=3261"},"modified":"2024-03-19T20:08:14","modified_gmt":"2024-03-19T19:08:14","slug":"sacaba-lhivern","status":"publish","type":"post","link":"https:\/\/agora.xtec.cat\/escguillemisarn\/general\/sacaba-lhivern\/","title":{"rendered":"S&#8217;acaba l&#8217;hivern&#8230;"},"content":{"rendered":"<p><a href=\"https:\/\/agora.xtec.cat\/escguillemisarn\/wp-content\/uploads\/usu1631\/2024\/03\/7c8337ae7c1a632e1863fa2https:\/\/photos.app.goo.gl\/mDNrzLSxJJmrJJtn773b174983.jpg\"><img loading=\"lazy\" decoding=\"async\" class=\"size-thumbnail wp-image-3262 alignleft\" src=\"https:\/\/agora.xtec.cat\/escguillemisarn\/wp-content\/uploads\/usu1631\/2024\/03\/7c8337ae7c1a632e1863fa273b174983-150x150.jpg\" alt=\"\" width=\"150\" height=\"150\" \/><\/a><\/p>\n<p>A l&#8217;hivern, l&#8217;es<a href=\"https:\/\/agora.xtec.cat\/escguillemisarn\/wp-content\/uploads\/usu1631\/2024\/03\/mini-mundo-invierno.jpg\"><img loading=\"lazy\" decoding=\"async\" class=\"size-thumbnail wp-image-3267 alignleft\" src=\"https:\/\/agora.xtec.cat\/escguillemisarn\/wp-content\/uploads\/usu1631\/2024\/03\/mini-mundo-invierno-150x150.jpg\" alt=\"\" width=\"150\" height=\"150\" \/><\/a>taci\u00f3 m\u00e9s freda de l&#8217;any, anem ben abrigats, podem veure nevar, celebrem moltes festes i tamb\u00e9 ens disfressem. Els nens i nenes d&#8217;I3, I4 i I5 us mostren un recull d&#8217;activitats que hem fet a l&#8217;escola durant aquest trimestre al voltant d&#8217;aquesta \u00e8poca de l&#8217;any.<\/p>\n<p>Esperem que us agradin!<\/p>\n<p><a href=\"https:\/\/photos.app.goo.gl\/mDNrzLSxJJmrJJtn7\">https:\/\/photos.app.goo.gl\/mDNrzLSxJJmrJJtn7<\/a><\/p>\n","protected":false},"excerpt":{"rendered":"<p><a href=\"https:\/\/agora.xtec.cat\/escguillemisarn\/wp-content\/uploads\/usu1631\/2024\/03\/7c8337ae7c1a632e1863fa2https:\/\/photos.app.goo.gl\/mDNrzLSxJJmrJJtn773b174983.jpg\"><\/a><br \/>\nA l&#8217;hivern, l&#8217;es<a href=\"https:\/\/agora.xtec.cat\/escguillemisarn\/wp-content\/uploads\/usu1631\/2024\/03\/mini-mundo-invierno.jpg\"><\/a>taci\u00f3 m\u00e9s freda de l&#8217;any, anem ben abrigats, podem veure nevar, celebrem moltes festes i tamb\u00e9 ens disfressem. Els nens i nenes d&#8217;I3, I4 i I5 us mostren un recull d&#8217;activitats que hem fet a l&#8217;escola durant aquest trimestre al voltant&hellip;  <a href=\"https:\/\/agora.xtec.cat\/escguillemisarn\/general\/sacaba-lhivern\/\" title=\"Read S&#8217;acaba l&#8217;hivern&#8230;\">Llegeix m\u00e9s\u00bb<\/a><\/p>\n","protected":false},"author":20,"featured_media":0,"comment_status":"open","ping_status":"closed","sticky":false,"template":"","format":"standard","meta":{"_bbp_topic_count":0,"_bbp_reply_count":0,"_bbp_total_topic_count":0,"_bbp_total_reply_count":0,"_bbp_voice_count":0,"_bbp_anonymous_reply_count":0,"_bbp_topic_count_hidden":0,"_bbp_reply_count_hidden":0,"_bbp_forum_subforum_count":0,"footnotes":""},"categories":[1,2,4],"tags":[],"class_list":["post-3261","post","type-post","status-publish","format-standard","hentry","category-general","category-infantil","category-portada"],"post_mailing_queue_ids":[],"_links":{"self":[{"href":"https:\/\/agora.xtec.cat\/escguillemisarn\/wp-json\/wp\/v2\/posts\/3261","targetHints":{"allow":["GET"]}}],"collection":[{"href":"https:\/\/agora.xtec.cat\/escguillemisarn\/wp-json\/wp\/v2\/posts"}],"about":[{"href":"https:\/\/agora.xtec.cat\/escguillemisarn\/wp-json\/wp\/v2\/types\/post"}],"author":[{"embeddable":true,"href":"https:\/\/agora.xtec.cat\/escguillemisarn\/wp-json\/wp\/v2\/users\/20"}],"replies":[{"embeddable":true,"href":"https:\/\/agora.xtec.cat\/escguillemisarn\/wp-json\/wp\/v2\/comments?post=3261"}],"version-history":[{"count":6,"href":"https:\/\/agora.xtec.cat\/escguillemisarn\/wp-json\/wp\/v2\/posts\/3261\/revisions"}],"predecessor-version":[{"id":3307,"href":"https:\/\/agora.xtec.cat\/escguillemisarn\/wp-json\/wp\/v2\/posts\/3261\/revisions\/3307"}],"wp:attachment":[{"href":"https:\/\/agora.xtec.cat\/escguillemisarn\/wp-json\/wp\/v2\/media?parent=3261"}],"wp:term":[{"taxonomy":"category","embeddable":true,"href":"https:\/\/agora.xtec.cat\/escguillemisarn\/wp-json\/wp\/v2\/categories?post=3261"},{"taxonomy":"post_tag","embeddable":true,"href":"https:\/\/agora.xtec.cat\/escguillemisarn\/wp-json\/wp\/v2\/tags?post=3261"}],"curies":[{"name":"wp","href":"https:\/\/api.w.org\/{rel}","templated":true}]}}