{"id":3251,"date":"2024-03-19T19:35:25","date_gmt":"2024-03-19T18:35:25","guid":{"rendered":"https:\/\/agora.xtec.cat\/escguillemisarn\/?p=3251"},"modified":"2024-03-19T19:35:25","modified_gmt":"2024-03-19T18:35:25","slug":"a-educacio-infantil-hem-treballat-el-projecte-dels-dinosaures","status":"publish","type":"post","link":"https:\/\/agora.xtec.cat\/escguillemisarn\/general\/a-educacio-infantil-hem-treballat-el-projecte-dels-dinosaures\/","title":{"rendered":"A Educaci\u00f3 Infantil hem treballat el projecte dels dinosaures!"},"content":{"rendered":"<p>&nbsp;<\/p>\n<p>Aquest seg<a href=\"https:\/\/agora.xtec.cat\/escguillemisarn\/wp-content\/uploads\/usu1631\/2024\/03\/dino2-1.jpg\"><img loading=\"lazy\" decoding=\"async\" class=\"wp-image-3254 alignleft\" src=\"https:\/\/agora.xtec.cat\/escguillemisarn\/wp-content\/uploads\/usu1631\/2024\/03\/dino2-1-150x150.jpg\" alt=\"\" width=\"153\" height=\"153\" \/><\/a>on trimestre a I3, I4 i I5, hem estat treballant el projecte dels dinosaures. Algunes de les preguntes que ens hem anat fent i investigant s\u00f3n:<\/p>\n<p>Quan van viure? Com eren? Qu\u00e8 menjaven? Com atacaven i es defensaven? Com es reprodu\u00efen? On en podem trobar?&#8230;&#8230;Ara que ja hem acabat el projecte, podeu veure un petit recull de les activitats i treballs que hem estat fent per con\u00e8ixer l&#8217;\u00e8poca en la que van existir aquests \u00e9ssers tan fant\u00e0stics.<\/p>\n<p><a href=\"https:\/\/photos.app.goo.gl\/8shATvPdMn1y6VaA8\">https:\/\/photos.app.goo.gl\/8shATvPdMn1y6VaA8<\/a><\/p>\n","protected":false},"excerpt":{"rendered":"<p>&nbsp;<br \/>\nAquest seg<a href=\"https:\/\/agora.xtec.cat\/escguillemisarn\/wp-content\/uploads\/usu1631\/2024\/03\/dino2-1.jpg\"><\/a>on trimestre a I3, I4 i I5, hem estat treballant el projecte dels dinosaures. Algunes de les preguntes que ens hem anat fent i investigant s\u00f3n:<br \/>\nQuan van viure? Com eren? Qu\u00e8 menjaven? Com atacaven i es defensaven? Com es reprodu\u00efen? On en podem&hellip;  <a href=\"https:\/\/agora.xtec.cat\/escguillemisarn\/general\/a-educacio-infantil-hem-treballat-el-projecte-dels-dinosaures\/\" title=\"Read A Educaci\u00f3 Infantil hem treballat el projecte dels dinosaures!\">Llegeix m\u00e9s\u00bb<\/a><\/p>\n","protected":false},"author":20,"featured_media":0,"comment_status":"open","ping_status":"closed","sticky":false,"template":"","format":"standard","meta":{"_bbp_topic_count":0,"_bbp_reply_count":0,"_bbp_total_topic_count":0,"_bbp_total_reply_count":0,"_bbp_voice_count":0,"_bbp_anonymous_reply_count":0,"_bbp_topic_count_hidden":0,"_bbp_reply_count_hidden":0,"_bbp_forum_subforum_count":0,"footnotes":""},"categories":[1,2,4],"tags":[],"class_list":["post-3251","post","type-post","status-publish","format-standard","hentry","category-general","category-infantil","category-portada"],"post_mailing_queue_ids":[],"_links":{"self":[{"href":"https:\/\/agora.xtec.cat\/escguillemisarn\/wp-json\/wp\/v2\/posts\/3251","targetHints":{"allow":["GET"]}}],"collection":[{"href":"https:\/\/agora.xtec.cat\/escguillemisarn\/wp-json\/wp\/v2\/posts"}],"about":[{"href":"https:\/\/agora.xtec.cat\/escguillemisarn\/wp-json\/wp\/v2\/types\/post"}],"author":[{"embeddable":true,"href":"https:\/\/agora.xtec.cat\/escguillemisarn\/wp-json\/wp\/v2\/users\/20"}],"replies":[{"embeddable":true,"href":"https:\/\/agora.xtec.cat\/escguillemisarn\/wp-json\/wp\/v2\/comments?post=3251"}],"version-history":[{"count":6,"href":"https:\/\/agora.xtec.cat\/escguillemisarn\/wp-json\/wp\/v2\/posts\/3251\/revisions"}],"predecessor-version":[{"id":3295,"href":"https:\/\/agora.xtec.cat\/escguillemisarn\/wp-json\/wp\/v2\/posts\/3251\/revisions\/3295"}],"wp:attachment":[{"href":"https:\/\/agora.xtec.cat\/escguillemisarn\/wp-json\/wp\/v2\/media?parent=3251"}],"wp:term":[{"taxonomy":"category","embeddable":true,"href":"https:\/\/agora.xtec.cat\/escguillemisarn\/wp-json\/wp\/v2\/categories?post=3251"},{"taxonomy":"post_tag","embeddable":true,"href":"https:\/\/agora.xtec.cat\/escguillemisarn\/wp-json\/wp\/v2\/tags?post=3251"}],"curies":[{"name":"wp","href":"https:\/\/api.w.org\/{rel}","templated":true}]}}