{"id":3245,"date":"2024-03-08T15:12:29","date_gmt":"2024-03-08T14:12:29","guid":{"rendered":"https:\/\/agora.xtec.cat\/escguillemisarn\/?p=3245"},"modified":"2024-03-08T15:15:01","modified_gmt":"2024-03-08T14:15:01","slug":"8m-dia-internacional-de-la-dona","status":"publish","type":"post","link":"https:\/\/agora.xtec.cat\/escguillemisarn\/general\/8m-dia-internacional-de-la-dona\/","title":{"rendered":"8M Dia Internacional de la Dona"},"content":{"rendered":"<div><a href=\"https:\/\/agora.xtec.cat\/escguillemisarn\/wp-content\/uploads\/usu1631\/2024\/03\/Marie-Curie-e1709907238823.jpg\"><img loading=\"lazy\" decoding=\"async\" class=\"aligncenter size-thumbnail wp-image-3247\" src=\"https:\/\/agora.xtec.cat\/escguillemisarn\/wp-content\/uploads\/usu1631\/2024\/03\/Marie-Curie-e1709907238823-150x150.jpg\" alt=\"\" width=\"150\" height=\"150\" \/><\/a><\/div>\n<p>El 8 de mar\u00e7 es celebra el Dia Internacional de la Dona, dia de reivindicaci\u00f3 per a millors condicions de treball, de drets pol\u00edtics i, sobretot, de vida per a totes les nenes i dones.<\/p>\n<p>A l&#8217;Escola no hem volgut perdre l&#8217;oportunitat de celebrar-ho i de manifestar-nos en favor dels nostres drets, per aquest motiu l&#8217;alumnat de 6\u00e8 han llegit un manifest per a tota l&#8217;escola i hem comptat amb la participaci\u00f3 de 8 dones emprenedores de La Fuliola i Bold\u00fa que ens han explicat els seus oficis que van iniciar en una \u00e8poca on les dones ho tenien m\u00e9s complicat.<\/p>\n<p>Volem agrair la pres\u00e8ncia de les convidades a l&#8217;acte d&#8217;avui fent-nos part\u00edcips de les seves hist\u00f2ries de vida.<\/p>\n<p>Podeu veure les fotos en el seg\u00fcent enlla\u00e7.<\/p>\n<p><a href=\"https:\/\/photos.app.goo.gl\/vC9C4NkzG6XdSqG78\">https:\/\/photos.app.goo.gl\/vC9C4NkzG6XdSqG78<\/a><\/p>\n<p>&nbsp;<\/p>\n","protected":false},"excerpt":{"rendered":"<p><a href=\"https:\/\/agora.xtec.cat\/escguillemisarn\/wp-content\/uploads\/usu1631\/2024\/03\/Marie-Curie-e1709907238823.jpg\"><\/a><br \/>\nEl 8 de mar\u00e7 es celebra el Dia Internacional de la Dona, dia de reivindicaci\u00f3 per a millors condicions de treball, de drets pol\u00edtics i, sobretot, de vida per a totes les nenes i dones.<br \/>\nA l&#8217;Escola no hem volgut perdre l&#8217;oportunitat de celebrar-ho i&hellip;  <a href=\"https:\/\/agora.xtec.cat\/escguillemisarn\/general\/8m-dia-internacional-de-la-dona\/\" title=\"Read 8M Dia Internacional de la Dona\">Llegeix m\u00e9s\u00bb<\/a><\/p>\n","protected":false},"author":1,"featured_media":0,"comment_status":"open","ping_status":"closed","sticky":false,"template":"","format":"standard","meta":{"_bbp_topic_count":0,"_bbp_reply_count":0,"_bbp_total_topic_count":0,"_bbp_total_reply_count":0,"_bbp_voice_count":0,"_bbp_anonymous_reply_count":0,"_bbp_topic_count_hidden":0,"_bbp_reply_count_hidden":0,"_bbp_forum_subforum_count":0,"footnotes":""},"categories":[1,4],"tags":[],"class_list":["post-3245","post","type-post","status-publish","format-standard","hentry","category-general","category-portada"],"post_mailing_queue_ids":[],"_links":{"self":[{"href":"https:\/\/agora.xtec.cat\/escguillemisarn\/wp-json\/wp\/v2\/posts\/3245","targetHints":{"allow":["GET"]}}],"collection":[{"href":"https:\/\/agora.xtec.cat\/escguillemisarn\/wp-json\/wp\/v2\/posts"}],"about":[{"href":"https:\/\/agora.xtec.cat\/escguillemisarn\/wp-json\/wp\/v2\/types\/post"}],"author":[{"embeddable":true,"href":"https:\/\/agora.xtec.cat\/escguillemisarn\/wp-json\/wp\/v2\/users\/1"}],"replies":[{"embeddable":true,"href":"https:\/\/agora.xtec.cat\/escguillemisarn\/wp-json\/wp\/v2\/comments?post=3245"}],"version-history":[{"count":3,"href":"https:\/\/agora.xtec.cat\/escguillemisarn\/wp-json\/wp\/v2\/posts\/3245\/revisions"}],"predecessor-version":[{"id":3249,"href":"https:\/\/agora.xtec.cat\/escguillemisarn\/wp-json\/wp\/v2\/posts\/3245\/revisions\/3249"}],"wp:attachment":[{"href":"https:\/\/agora.xtec.cat\/escguillemisarn\/wp-json\/wp\/v2\/media?parent=3245"}],"wp:term":[{"taxonomy":"category","embeddable":true,"href":"https:\/\/agora.xtec.cat\/escguillemisarn\/wp-json\/wp\/v2\/categories?post=3245"},{"taxonomy":"post_tag","embeddable":true,"href":"https:\/\/agora.xtec.cat\/escguillemisarn\/wp-json\/wp\/v2\/tags?post=3245"}],"curies":[{"name":"wp","href":"https:\/\/api.w.org\/{rel}","templated":true}]}}