{"id":3233,"date":"2024-03-05T19:04:21","date_gmt":"2024-03-05T18:04:21","guid":{"rendered":"https:\/\/agora.xtec.cat\/escguillemisarn\/?p=3233"},"modified":"2024-03-11T09:32:29","modified_gmt":"2024-03-11T08:32:29","slug":"frenem-la-miopia","status":"publish","type":"post","link":"https:\/\/agora.xtec.cat\/escguillemisarn\/general\/frenem-la-miopia\/","title":{"rendered":"Frenem la miopia!"},"content":{"rendered":"<p><a href=\"https:\/\/agora.xtec.cat\/escguillemisarn\/wp-content\/uploads\/usu1631\/2024\/03\/baixa.jpg\"><img loading=\"lazy\" decoding=\"async\" class=\"alignnone size-full wp-image-3238\" src=\"https:\/\/agora.xtec.cat\/escguillemisarn\/wp-content\/uploads\/usu1631\/2024\/03\/baixa.jpg\" alt=\"\" width=\"225\" height=\"225\" srcset=\"https:\/\/agora.xtec.cat\/escguillemisarn\/wp-content\/uploads\/usu1631\/2024\/03\/baixa.jpg 225w, https:\/\/agora.xtec.cat\/escguillemisarn\/wp-content\/uploads\/usu1631\/2024\/03\/baixa-150x150.jpg 150w\" sizes=\"auto, (max-width: 225px) 100vw, 225px\" \/><\/a><\/p>\n<p>Al llarg d&#8217;aquest mat\u00ed l&#8217;alumnat de CM i CS han gaudit d&#8217;un taller sobre la miopia de la m\u00e0 de l&#8217;Anna i la N\u00faria, \u00f2ptiques-optometristes del Natural \u00d2ptics de T\u00e0rrega.<\/p>\n<p>Despr\u00e9s de fer cinc c\u00e8ntims sobre qu\u00e8 \u00e9s la miopia, l&#8217;alumnat ha pogut participar en un concurs entre elles i ells responent a preguntes relacionades amb la informaci\u00f3 que pr\u00e8viament havien explicat.<\/p>\n<p>Tamb\u00e9 han jugat amb la Vicky i el Luka, qui tenen la missi\u00f3 de frenar la miopia al m\u00f3n.<\/p>\n<p>En acabar, han repartit uns fullets molt interessants de llegir per vosaltres, les fam\u00edlies.<\/p>\n<p>Us en deixem un recull de fotografies seguidament:<\/p>\n<p><a href=\"https:\/\/photos.app.goo.gl\/8ZDojw4SV5QPpro6A\">https:\/\/photos.app.goo.gl\/8ZDojw4SV5QPpro6A<\/a><\/p>\n","protected":false},"excerpt":{"rendered":"<p><a href=\"https:\/\/agora.xtec.cat\/escguillemisarn\/wp-content\/uploads\/usu1631\/2024\/03\/baixa.jpg\"><\/a><br \/>\nAl llarg d&#8217;aquest mat\u00ed l&#8217;alumnat de CM i CS han gaudit d&#8217;un taller sobre la miopia de la m\u00e0 de l&#8217;Anna i la N\u00faria, \u00f2ptiques-optometristes del Natural \u00d2ptics de T\u00e0rrega.<br \/>\nDespr\u00e9s de fer cinc c\u00e8ntims sobre qu\u00e8 \u00e9s la miopia, l&#8217;alumnat ha pogut participar en&hellip;  <a href=\"https:\/\/agora.xtec.cat\/escguillemisarn\/general\/frenem-la-miopia\/\" title=\"Read Frenem la miopia!\">Llegeix m\u00e9s\u00bb<\/a><\/p>\n","protected":false},"author":7,"featured_media":3238,"comment_status":"open","ping_status":"closed","sticky":false,"template":"","format":"standard","meta":{"_bbp_topic_count":0,"_bbp_reply_count":0,"_bbp_total_topic_count":0,"_bbp_total_reply_count":0,"_bbp_voice_count":0,"_bbp_anonymous_reply_count":0,"_bbp_topic_count_hidden":0,"_bbp_reply_count_hidden":0,"_bbp_forum_subforum_count":0,"footnotes":""},"categories":[72,73,1,4],"tags":[],"class_list":["post-3233","post","type-post","status-publish","format-standard","has-post-thumbnail","hentry","category-cm","category-cs","category-general","category-portada"],"post_mailing_queue_ids":[],"_links":{"self":[{"href":"https:\/\/agora.xtec.cat\/escguillemisarn\/wp-json\/wp\/v2\/posts\/3233","targetHints":{"allow":["GET"]}}],"collection":[{"href":"https:\/\/agora.xtec.cat\/escguillemisarn\/wp-json\/wp\/v2\/posts"}],"about":[{"href":"https:\/\/agora.xtec.cat\/escguillemisarn\/wp-json\/wp\/v2\/types\/post"}],"author":[{"embeddable":true,"href":"https:\/\/agora.xtec.cat\/escguillemisarn\/wp-json\/wp\/v2\/users\/7"}],"replies":[{"embeddable":true,"href":"https:\/\/agora.xtec.cat\/escguillemisarn\/wp-json\/wp\/v2\/comments?post=3233"}],"version-history":[{"count":3,"href":"https:\/\/agora.xtec.cat\/escguillemisarn\/wp-json\/wp\/v2\/posts\/3233\/revisions"}],"predecessor-version":[{"id":3239,"href":"https:\/\/agora.xtec.cat\/escguillemisarn\/wp-json\/wp\/v2\/posts\/3233\/revisions\/3239"}],"wp:featuredmedia":[{"embeddable":true,"href":"https:\/\/agora.xtec.cat\/escguillemisarn\/wp-json\/wp\/v2\/media\/3238"}],"wp:attachment":[{"href":"https:\/\/agora.xtec.cat\/escguillemisarn\/wp-json\/wp\/v2\/media?parent=3233"}],"wp:term":[{"taxonomy":"category","embeddable":true,"href":"https:\/\/agora.xtec.cat\/escguillemisarn\/wp-json\/wp\/v2\/categories?post=3233"},{"taxonomy":"post_tag","embeddable":true,"href":"https:\/\/agora.xtec.cat\/escguillemisarn\/wp-json\/wp\/v2\/tags?post=3233"}],"curies":[{"name":"wp","href":"https:\/\/api.w.org\/{rel}","templated":true}]}}