{"id":3227,"date":"2024-03-04T10:34:57","date_gmt":"2024-03-04T09:34:57","guid":{"rendered":"https:\/\/agora.xtec.cat\/escguillemisarn\/?p=3227"},"modified":"2024-03-04T10:36:04","modified_gmt":"2024-03-04T09:36:04","slug":"som-referents-proa","status":"publish","type":"post","link":"https:\/\/agora.xtec.cat\/escguillemisarn\/general\/som-referents-proa\/","title":{"rendered":"Som referents Proa +"},"content":{"rendered":"<p><a href=\"https:\/\/agora.xtec.cat\/escguillemisarn\/wp-content\/uploads\/usu1631\/2024\/03\/image001.png\"><img loading=\"lazy\" decoding=\"async\" class=\" wp-image-3228 alignleft\" src=\"https:\/\/agora.xtec.cat\/escguillemisarn\/wp-content\/uploads\/usu1631\/2024\/03\/image001-724x1024.png\" alt=\"\" width=\"443\" height=\"627\" srcset=\"https:\/\/agora.xtec.cat\/escguillemisarn\/wp-content\/uploads\/usu1631\/2024\/03\/image001-724x1024.png 724w, https:\/\/agora.xtec.cat\/escguillemisarn\/wp-content\/uploads\/usu1631\/2024\/03\/image001-212x300.png 212w, https:\/\/agora.xtec.cat\/escguillemisarn\/wp-content\/uploads\/usu1631\/2024\/03\/image001-768x1086.png 768w, https:\/\/agora.xtec.cat\/escguillemisarn\/wp-content\/uploads\/usu1631\/2024\/03\/image001-1086x1536.png 1086w, https:\/\/agora.xtec.cat\/escguillemisarn\/wp-content\/uploads\/usu1631\/2024\/03\/image001.png 1191w\" sizes=\"auto, (max-width: 443px) 100vw, 443px\" \/><\/a>Com b\u00e9 ja sabeu i des de fa uns anys, l&#8217;escola compta amb el suport d&#8217;un projecte molt important del Departament d&#8217;Educaci\u00f3 anomenat PMOE-Proa +. Cada any s&#8217;organitzen unes jornades de formaci\u00f3 sobre aquest projecte on, entre altres actuacions, s&#8217;hi presenten bones pr\u00e0ctiques de diferents centres que, com nosaltres, participen en aquest projecte.<\/p>\n<p>Aquest any, les referents Proa+ del Departament d&#8217;Educaci\u00f3 ens han escollit com a centre per presentar la nostra (bona) gesti\u00f3 d&#8217;aquest projecte. Aix\u00ed que us anunciem molt contents que el proper dijous 7 de mar\u00e7 de 9h a 13.30h estarem a l&#8217;Escola Oficial d&#8217;Idiomes de Lleida (EOI) exposant el projecte de l&#8217;escola Guillem Isarn. Tot un plaer i un honor ser un dels 3 centres que aportarem el nostre granet de sorra en aquestes jornades PMOE-Proa+. Tamb\u00e9 agrair al Departament d&#8217;Educaci\u00f3 que s&#8217;hagi fixat en el nostre (bon) treball d&#8217;aquest projecte important per a la nostra escola.<\/p>\n","protected":false},"excerpt":{"rendered":"<p><a href=\"https:\/\/agora.xtec.cat\/escguillemisarn\/wp-content\/uploads\/usu1631\/2024\/03\/image001.png\"><\/a>Com b\u00e9 ja sabeu i des de fa uns anys, l&#8217;escola compta amb el suport d&#8217;un projecte molt important del Departament d&#8217;Educaci\u00f3 anomenat PMOE-Proa +. Cada any s&#8217;organitzen unes jornades de formaci\u00f3 sobre aquest projecte on, entre altres actuacions, s&#8217;hi presenten bones pr\u00e0ctiques de&hellip;  <a href=\"https:\/\/agora.xtec.cat\/escguillemisarn\/general\/som-referents-proa\/\" title=\"Read Som referents Proa +\">Llegeix m\u00e9s\u00bb<\/a><\/p>\n","protected":false},"author":1,"featured_media":0,"comment_status":"open","ping_status":"closed","sticky":false,"template":"","format":"standard","meta":{"_bbp_topic_count":0,"_bbp_reply_count":0,"_bbp_total_topic_count":0,"_bbp_total_reply_count":0,"_bbp_voice_count":0,"_bbp_anonymous_reply_count":0,"_bbp_topic_count_hidden":0,"_bbp_reply_count_hidden":0,"_bbp_forum_subforum_count":0,"footnotes":""},"categories":[71,72,73,1,2,4,5],"tags":[],"class_list":["post-3227","post","type-post","status-publish","format-standard","hentry","category-ci","category-cm","category-cs","category-general","category-infantil","category-portada","category-primaria"],"post_mailing_queue_ids":[],"_links":{"self":[{"href":"https:\/\/agora.xtec.cat\/escguillemisarn\/wp-json\/wp\/v2\/posts\/3227","targetHints":{"allow":["GET"]}}],"collection":[{"href":"https:\/\/agora.xtec.cat\/escguillemisarn\/wp-json\/wp\/v2\/posts"}],"about":[{"href":"https:\/\/agora.xtec.cat\/escguillemisarn\/wp-json\/wp\/v2\/types\/post"}],"author":[{"embeddable":true,"href":"https:\/\/agora.xtec.cat\/escguillemisarn\/wp-json\/wp\/v2\/users\/1"}],"replies":[{"embeddable":true,"href":"https:\/\/agora.xtec.cat\/escguillemisarn\/wp-json\/wp\/v2\/comments?post=3227"}],"version-history":[{"count":2,"href":"https:\/\/agora.xtec.cat\/escguillemisarn\/wp-json\/wp\/v2\/posts\/3227\/revisions"}],"predecessor-version":[{"id":3230,"href":"https:\/\/agora.xtec.cat\/escguillemisarn\/wp-json\/wp\/v2\/posts\/3227\/revisions\/3230"}],"wp:attachment":[{"href":"https:\/\/agora.xtec.cat\/escguillemisarn\/wp-json\/wp\/v2\/media?parent=3227"}],"wp:term":[{"taxonomy":"category","embeddable":true,"href":"https:\/\/agora.xtec.cat\/escguillemisarn\/wp-json\/wp\/v2\/categories?post=3227"},{"taxonomy":"post_tag","embeddable":true,"href":"https:\/\/agora.xtec.cat\/escguillemisarn\/wp-json\/wp\/v2\/tags?post=3227"}],"curies":[{"name":"wp","href":"https:\/\/api.w.org\/{rel}","templated":true}]}}