{"id":3224,"date":"2024-03-04T10:28:12","date_gmt":"2024-03-04T09:28:12","guid":{"rendered":"https:\/\/agora.xtec.cat\/escguillemisarn\/?p=3224"},"modified":"2024-03-04T10:28:12","modified_gmt":"2024-03-04T09:28:12","slug":"pantalles-interactives","status":"publish","type":"post","link":"https:\/\/agora.xtec.cat\/escguillemisarn\/general\/pantalles-interactives\/","title":{"rendered":"PANTALLES interactives"},"content":{"rendered":"<p><a href=\"https:\/\/agora.xtec.cat\/escguillemisarn\/wp-content\/uploads\/usu1631\/2024\/03\/Pantalla.jpg\"><img loading=\"lazy\" decoding=\"async\" class=\" wp-image-3225 alignleft\" src=\"https:\/\/agora.xtec.cat\/escguillemisarn\/wp-content\/uploads\/usu1631\/2024\/03\/Pantalla.jpg\" alt=\"\" width=\"304\" height=\"204\" srcset=\"https:\/\/agora.xtec.cat\/escguillemisarn\/wp-content\/uploads\/usu1631\/2024\/03\/Pantalla.jpg 397w, https:\/\/agora.xtec.cat\/escguillemisarn\/wp-content\/uploads\/usu1631\/2024\/03\/Pantalla-300x201.jpg 300w\" sizes=\"auto, (max-width: 304px) 100vw, 304px\" \/><\/a>El Departament d&#8217;Educaci\u00f3 ens ha instal\u00b7lat 9 pantalles interactives de 72 polsades a les aules de la tutoria de cada curs. D&#8217;aquesta manera s&#8217;ha equipat cada classe de cada curs amb aquests panells interactius que substitueixen els projectors i les pantalles digitals que ja ten\u00edem instal\u00b7lades.<\/p>\n<p>El Departament d\u2019Educaci\u00f3 continua el desplegament del Pla d\u2019Educaci\u00f3 Digital de Catalunya (PEDC), un projecte d\u2019estrat\u00e8gia d\u2019impuls digital cofinan\u00e7at pel Departament, el Ministeri d\u2019Educaci\u00f3 i la Uni\u00f3 Europea \u2013 Next Generation EU a trav\u00e9s del Mecanisme per a la Recuperaci\u00f3 i la Resili\u00e8ncia (MRR). En concret, es preveu repartir un total de 32.097 panells interactius a 2.847 centres, 4.245 kits de rob\u00f2tica i 2.762 maletes audiovisuals.<\/p>\n<p>Us deixem algunes fotografies de les aules:\u00a0<a href=\"https:\/\/photos.app.goo.gl\/cqpaXis41zXoYAvh9\">https:\/\/photos.app.goo.gl\/cqpaXis41zXoYAvh9<\/a><\/p>\n","protected":false},"excerpt":{"rendered":"<p><a href=\"https:\/\/agora.xtec.cat\/escguillemisarn\/wp-content\/uploads\/usu1631\/2024\/03\/Pantalla.jpg\"><\/a>El Departament d&#8217;Educaci\u00f3 ens ha instal\u00b7lat 9 pantalles interactives de 72 polsades a les aules de la tutoria de cada curs. D&#8217;aquesta manera s&#8217;ha equipat cada classe de cada curs amb aquests panells interactius que substitueixen els projectors i les pantalles digitals que ja&hellip;  <a href=\"https:\/\/agora.xtec.cat\/escguillemisarn\/general\/pantalles-interactives\/\" title=\"Read PANTALLES interactives\">Llegeix m\u00e9s\u00bb<\/a><\/p>\n","protected":false},"author":1,"featured_media":0,"comment_status":"open","ping_status":"closed","sticky":false,"template":"","format":"standard","meta":{"_bbp_topic_count":0,"_bbp_reply_count":0,"_bbp_total_topic_count":0,"_bbp_total_reply_count":0,"_bbp_voice_count":0,"_bbp_anonymous_reply_count":0,"_bbp_topic_count_hidden":0,"_bbp_reply_count_hidden":0,"_bbp_forum_subforum_count":0,"footnotes":""},"categories":[71,72,73,1,2,4,5],"tags":[],"class_list":["post-3224","post","type-post","status-publish","format-standard","hentry","category-ci","category-cm","category-cs","category-general","category-infantil","category-portada","category-primaria"],"post_mailing_queue_ids":[],"_links":{"self":[{"href":"https:\/\/agora.xtec.cat\/escguillemisarn\/wp-json\/wp\/v2\/posts\/3224","targetHints":{"allow":["GET"]}}],"collection":[{"href":"https:\/\/agora.xtec.cat\/escguillemisarn\/wp-json\/wp\/v2\/posts"}],"about":[{"href":"https:\/\/agora.xtec.cat\/escguillemisarn\/wp-json\/wp\/v2\/types\/post"}],"author":[{"embeddable":true,"href":"https:\/\/agora.xtec.cat\/escguillemisarn\/wp-json\/wp\/v2\/users\/1"}],"replies":[{"embeddable":true,"href":"https:\/\/agora.xtec.cat\/escguillemisarn\/wp-json\/wp\/v2\/comments?post=3224"}],"version-history":[{"count":1,"href":"https:\/\/agora.xtec.cat\/escguillemisarn\/wp-json\/wp\/v2\/posts\/3224\/revisions"}],"predecessor-version":[{"id":3226,"href":"https:\/\/agora.xtec.cat\/escguillemisarn\/wp-json\/wp\/v2\/posts\/3224\/revisions\/3226"}],"wp:attachment":[{"href":"https:\/\/agora.xtec.cat\/escguillemisarn\/wp-json\/wp\/v2\/media?parent=3224"}],"wp:term":[{"taxonomy":"category","embeddable":true,"href":"https:\/\/agora.xtec.cat\/escguillemisarn\/wp-json\/wp\/v2\/categories?post=3224"},{"taxonomy":"post_tag","embeddable":true,"href":"https:\/\/agora.xtec.cat\/escguillemisarn\/wp-json\/wp\/v2\/tags?post=3224"}],"curies":[{"name":"wp","href":"https:\/\/api.w.org\/{rel}","templated":true}]}}